
{"id":642,"date":"2019-09-22T12:46:47","date_gmt":"2019-09-22T15:46:47","guid":{"rendered":"http:\/\/abet.com.br\/abet\/?p=642"},"modified":"2021-03-19T09:00:06","modified_gmt":"2021-03-19T12:00:06","slug":"assembeia","status":"publish","type":"post","link":"https:\/\/abet.com.br\/abet\/assembeia\/","title":{"rendered":"Assembl\u00e9ia Geral"},"content":{"rendered":"\n\n[et_pb_section fb_built=&#8221;1&#8243; fullwidth=&#8221;on&#8221; _builder_version=&#8221;3.20.2&#8243;][et_pb_fullwidth_post_title meta=&#8221;off&#8221; featured_placement=&#8221;background&#8221; text_color=&#8221;light&#8221; text_background=&#8221;on&#8221; text_bg_color=&#8221;rgba(172,194,225,0.82)&#8221; _builder_version=&#8221;3.20.2&#8243; title_font=&#8221;||||||||&#8221; title_font_size=&#8221;36px&#8221; meta_font=&#8221;||||||||&#8221; custom_padding=&#8221;250px||0px&#8221;][\/et_pb_fullwidth_post_title][\/et_pb_section][et_pb_section fb_built=&#8221;1&#8243; _builder_version=&#8221;3.20.2&#8243; custom_padding=&#8221;66px|0px|2px|0px|false|false&#8221;][et_pb_row _builder_version=&#8221;3.20.2&#8243;][et_pb_column type=&#8221;4_4&#8243; _builder_version=&#8221;3.20.2&#8243;][et_pb_text _builder_version=&#8221;3.20.2&#8243;]<h1><b>ASSEMBL\u00c9IA GERAL ORDIN\u00c1RIA E EXTRAORDIN\u00c1RIA<\/b><\/h1>\n<p><span><span color=\"#000000\" style=\"color: #000000;\"><em><\/em><\/span><\/span><\/p>[\/et_pb_text][\/et_pb_column][\/et_pb_row][et_pb_row _builder_version=&#8221;3.20.2&#8243;][et_pb_column type=&#8221;4_4&#8243; _builder_version=&#8221;3.20.2&#8243;][et_pb_text _builder_version=&#8221;3.20.2&#8243;]<h4><strong>Prezados Associados<\/strong><\/h4>\n<p><strong><\/strong><\/p>\n<p>Tenho o prazer de convid\u00e1-los a comparecer \u00e0s Assembleias Ordin\u00e1ria e Extraordin\u00e1ria, a serem realizadas no pr\u00f3ximo dia 08\/04\/2019, \u00e0s 08:00 e 09:00 respectivamente na sede da ABET.<\/p>\n<p>A Vossa presen\u00e7a \u00e9 muito importante, pois as decis\u00f5es a serem tomadas, s\u00e3o do interesse de todos, conforme Edital de Convoca\u00e7\u00e3o.<\/p>\n<p>Atenciosamente,<br \/> Joaquim Gomes de Sousa<\/p>[\/et_pb_text][et_pb_button button_url=&#8221;http:\/\/abet.com.br\/abet\/wp-content\/uploads\/2019\/03\/edital-ago-2019.pdf&#8221; url_new_window=&#8221;on&#8221; button_text=&#8221;Edital &#8211; Assembl\u00e9ia Geral Ordin\u00e1ria&#8221; _builder_version=&#8221;3.20.2&#8243; custom_button=&#8221;on&#8221; button_text_color=&#8221;#003879&#8243; button_border_color=&#8221;#003879&#8243; button_font=&#8221;||||||||&#8221; button_icon=&#8221;%%209%%&#8221; button_icon_placement=&#8221;left&#8221; button_on_hover=&#8221;off&#8221; button_bg_color__hover_enabled=&#8221;on&#8221; button_bg_color__hover=&#8221;#003879&#8243; button_text_color__hover_enabled=&#8221;on&#8221; button_text_color__hover=&#8221;#ffffff&#8221;][\/et_pb_button][et_pb_button button_url=&#8221;http:\/\/abet.com.br\/abet\/wp-content\/uploads\/2019\/03\/edital-age-2019.pdf&#8221; url_new_window=&#8221;on&#8221; button_text=&#8221;Edital &#8211; Assembl\u00e9ia Geral Extraordin\u00e1ria&#8221; _builder_version=&#8221;3.20.2&#8243; custom_button=&#8221;on&#8221; button_text_color=&#8221;#003879&#8243; button_border_color=&#8221;#003879&#8243; button_font=&#8221;||||||||&#8221; button_icon=&#8221;%%209%%&#8221; button_icon_placement=&#8221;left&#8221; button_on_hover=&#8221;off&#8221; button_bg_color__hover_enabled=&#8221;on&#8221; button_bg_color__hover=&#8221;#003879&#8243; button_text_color__hover_enabled=&#8221;on&#8221; button_text_color__hover=&#8221;#ffffff&#8221;][\/et_pb_button][et_pb_button button_url=&#8221;http:\/\/abet.com.br\/abet\/wp-content\/uploads\/2019\/03\/edital-ago-age-2019-jornal.pdf&#8221; url_new_window=&#8221;on&#8221; button_text=&#8221;Editais AGO\/AGE &#8211; Publica\u00e7\u00e3o no Jornal&#8221; _builder_version=&#8221;3.20.2&#8243; custom_button=&#8221;on&#8221; button_text_color=&#8221;#003879&#8243; button_border_color=&#8221;#003879&#8243; button_font=&#8221;||||||||&#8221; button_icon=&#8221;%%209%%&#8221; button_icon_placement=&#8221;left&#8221; button_on_hover=&#8221;off&#8221; button_bg_color__hover_enabled=&#8221;on&#8221; button_bg_color__hover=&#8221;#003879&#8243; button_text_color__hover_enabled=&#8221;on&#8221; button_text_color__hover=&#8221;#ffffff&#8221;][\/et_pb_button][\/et_pb_column][\/et_pb_row][\/et_pb_section]\n\n","protected":false},"excerpt":{"rendered":"<p>ASSEMBL\u00c9IA GERAL ORDIN\u00c1RIA E EXTRAORDIN\u00c1RIA Prezados Associados Tenho o prazer de convid\u00e1-los a comparecer \u00e0s Assembleias Ordin\u00e1ria e Extraordin\u00e1ria, a serem realizadas no pr\u00f3ximo dia 08\/04\/2019, \u00e0s 08:00 e 09:00 respectivamente na sede da ABET. A Vossa presen\u00e7a \u00e9 muito importante, pois as decis\u00f5es a serem tomadas, s\u00e3o do interesse de todos, conforme Edital de [&hellip;]<\/p>\n","protected":false},"author":1,"featured_media":645,"comment_status":"closed","ping_status":"open","sticky":false,"template":"","format":"standard","meta":{"_et_pb_use_builder":"on","_et_pb_old_content":"","_et_gb_content_width":"","_mi_skip_tracking":false},"categories":[9],"tags":[],"yoast_head":"<!-- This site is optimized with the Yoast SEO plugin v18.5.1 - https:\/\/yoast.com\/wordpress\/plugins\/seo\/ -->\r\n<title>ABET - Assembleias Ordin\u00e1ria e Extraordin\u00e1ria ser\u00e3o realizadas em breve<\/title>\r\n<meta name=\"description\" content=\"Acesse o site e saiba mais sobre as Assemb\u00e9ia que ir\u00e1 acontecer no pr\u00f3ximo dia 08\/04\/2019, \u00e0s 08:00 e 09:00 respectivamente na sede da ABET.\" \/>\r\n<meta name=\"robots\" content=\"index, follow, max-snippet:-1, max-image-preview:large, max-video-preview:-1\" \/>\r\n<link rel=\"canonical\" href=\"https:\/\/abet.com.br\/abet\/assembeia\/\" \/>\r\n<meta property=\"og:locale\" content=\"pt_BR\" \/>\r\n<meta property=\"og:type\" content=\"article\" \/>\r\n<meta property=\"og:title\" content=\"ABET - Assembleias Ordin\u00e1ria e Extraordin\u00e1ria ser\u00e3o realizadas em breve\" \/>\r\n<meta property=\"og:description\" content=\"Acesse o site e saiba mais sobre as Assemb\u00e9ia que ir\u00e1 acontecer no pr\u00f3ximo dia 08\/04\/2019, \u00e0s 08:00 e 09:00 respectivamente na sede da ABET.\" \/>\r\n<meta property=\"og:url\" content=\"https:\/\/abet.com.br\/abet\/assembeia\/\" \/>\r\n<meta property=\"og:site_name\" content=\"ABET\" \/>\r\n<meta property=\"article:published_time\" content=\"2019-09-22T15:46:47+00:00\" \/>\r\n<meta property=\"article:modified_time\" content=\"2021-03-19T12:00:06+00:00\" \/>\r\n<meta property=\"og:image\" content=\"https:\/\/abet.com.br\/abet\/wp-content\/uploads\/2019\/03\/assembleia2.jpg\" \/>\r\n\t<meta property=\"og:image:width\" content=\"1920\" \/>\r\n\t<meta property=\"og:image:height\" content=\"1280\" \/>\r\n\t<meta property=\"og:image:type\" content=\"image\/jpeg\" \/>\r\n<meta name=\"twitter:card\" content=\"summary_large_image\" \/>\r\n<meta name=\"twitter:label1\" content=\"Written by\" \/>\n\t<meta name=\"twitter:data1\" content=\"yellowlamp\" \/>\n\t<meta name=\"twitter:label2\" content=\"Est. reading time\" \/>\n\t<meta name=\"twitter:data2\" content=\"2 minutos\" \/>\r\n<script type=\"application\/ld+json\" class=\"yoast-schema-graph\">{\"@context\":\"https:\/\/schema.org\",\"@graph\":[{\"@type\":\"WebSite\",\"@id\":\"https:\/\/abet.com.br\/abet\/#website\",\"url\":\"https:\/\/abet.com.br\/abet\/\",\"name\":\"ABET\",\"description\":\"Associa\u00e7\u00e3o Brasileira dos Empregados em Telecomunica\u00e7\u00f5es.\",\"potentialAction\":[{\"@type\":\"SearchAction\",\"target\":{\"@type\":\"EntryPoint\",\"urlTemplate\":\"https:\/\/abet.com.br\/abet\/?s={search_term_string}\"},\"query-input\":\"required name=search_term_string\"}],\"inLanguage\":\"pt-BR\"},{\"@type\":\"ImageObject\",\"@id\":\"https:\/\/abet.com.br\/abet\/assembeia\/#primaryimage\",\"inLanguage\":\"pt-BR\",\"url\":\"https:\/\/abet.com.br\/abet\/wp-content\/uploads\/2019\/03\/assembleia2.jpg\",\"contentUrl\":\"https:\/\/abet.com.br\/abet\/wp-content\/uploads\/2019\/03\/assembleia2.jpg\",\"width\":1920,\"height\":1280},{\"@type\":\"WebPage\",\"@id\":\"https:\/\/abet.com.br\/abet\/assembeia\/#webpage\",\"url\":\"https:\/\/abet.com.br\/abet\/assembeia\/\",\"name\":\"ABET - Assembleias Ordin\u00e1ria e Extraordin\u00e1ria ser\u00e3o realizadas em breve\",\"isPartOf\":{\"@id\":\"https:\/\/abet.com.br\/abet\/#website\"},\"primaryImageOfPage\":{\"@id\":\"https:\/\/abet.com.br\/abet\/assembeia\/#primaryimage\"},\"datePublished\":\"2019-09-22T15:46:47+00:00\",\"dateModified\":\"2021-03-19T12:00:06+00:00\",\"author\":{\"@id\":\"https:\/\/abet.com.br\/abet\/#\/schema\/person\/a7a67219fb5cf5f5193f7a77113cd4fc\"},\"description\":\"Acesse o site e saiba mais sobre as Assemb\u00e9ia que ir\u00e1 acontecer no pr\u00f3ximo dia 08\/04\/2019, \u00e0s 08:00 e 09:00 respectivamente na sede da ABET.\",\"breadcrumb\":{\"@id\":\"https:\/\/abet.com.br\/abet\/assembeia\/#breadcrumb\"},\"inLanguage\":\"pt-BR\",\"potentialAction\":[{\"@type\":\"ReadAction\",\"target\":[\"https:\/\/abet.com.br\/abet\/assembeia\/\"]}]},{\"@type\":\"BreadcrumbList\",\"@id\":\"https:\/\/abet.com.br\/abet\/assembeia\/#breadcrumb\",\"itemListElement\":[{\"@type\":\"ListItem\",\"position\":1,\"name\":\"Home\",\"item\":\"https:\/\/abet.com.br\/abet\/\"},{\"@type\":\"ListItem\",\"position\":2,\"name\":\"Assembl\u00e9ia Geral\"}]},{\"@type\":\"Person\",\"@id\":\"https:\/\/abet.com.br\/abet\/#\/schema\/person\/a7a67219fb5cf5f5193f7a77113cd4fc\",\"name\":\"yellowlamp\",\"image\":{\"@type\":\"ImageObject\",\"@id\":\"https:\/\/abet.com.br\/abet\/#personlogo\",\"inLanguage\":\"pt-BR\",\"url\":\"https:\/\/secure.gravatar.com\/avatar\/4068c9c9b0122c49f53d6db7aa0e3c94?s=96&d=mm&r=g\",\"contentUrl\":\"https:\/\/secure.gravatar.com\/avatar\/4068c9c9b0122c49f53d6db7aa0e3c94?s=96&d=mm&r=g\",\"caption\":\"yellowlamp\"},\"url\":\"https:\/\/abet.com.br\/abet\/author\/yellowlamp\/\"}]}<\/script>\r\n<!-- \/ Yoast SEO plugin. -->","yoast_head_json":{"title":"ABET - Assembleias Ordin\u00e1ria e Extraordin\u00e1ria ser\u00e3o realizadas em breve","description":"Acesse o site e saiba mais sobre as Assemb\u00e9ia que ir\u00e1 acontecer no pr\u00f3ximo dia 08\/04\/2019, \u00e0s 08:00 e 09:00 respectivamente na sede da ABET.","robots":{"index":"index","follow":"follow","max-snippet":"max-snippet:-1","max-image-preview":"max-image-preview:large","max-video-preview":"max-video-preview:-1"},"canonical":"https:\/\/abet.com.br\/abet\/assembeia\/","og_locale":"pt_BR","og_type":"article","og_title":"ABET - Assembleias Ordin\u00e1ria e Extraordin\u00e1ria ser\u00e3o realizadas em breve","og_description":"Acesse o site e saiba mais sobre as Assemb\u00e9ia que ir\u00e1 acontecer no pr\u00f3ximo dia 08\/04\/2019, \u00e0s 08:00 e 09:00 respectivamente na sede da ABET.","og_url":"https:\/\/abet.com.br\/abet\/assembeia\/","og_site_name":"ABET","article_published_time":"2019-09-22T15:46:47+00:00","article_modified_time":"2021-03-19T12:00:06+00:00","og_image":[{"width":1920,"height":1280,"url":"https:\/\/abet.com.br\/abet\/wp-content\/uploads\/2019\/03\/assembleia2.jpg","type":"image\/jpeg"}],"twitter_card":"summary_large_image","twitter_misc":{"Written by":"yellowlamp","Est. reading time":"2 minutos"},"schema":{"@context":"https:\/\/schema.org","@graph":[{"@type":"WebSite","@id":"https:\/\/abet.com.br\/abet\/#website","url":"https:\/\/abet.com.br\/abet\/","name":"ABET","description":"Associa\u00e7\u00e3o Brasileira dos Empregados em Telecomunica\u00e7\u00f5es.","potentialAction":[{"@type":"SearchAction","target":{"@type":"EntryPoint","urlTemplate":"https:\/\/abet.com.br\/abet\/?s={search_term_string}"},"query-input":"required name=search_term_string"}],"inLanguage":"pt-BR"},{"@type":"ImageObject","@id":"https:\/\/abet.com.br\/abet\/assembeia\/#primaryimage","inLanguage":"pt-BR","url":"https:\/\/abet.com.br\/abet\/wp-content\/uploads\/2019\/03\/assembleia2.jpg","contentUrl":"https:\/\/abet.com.br\/abet\/wp-content\/uploads\/2019\/03\/assembleia2.jpg","width":1920,"height":1280},{"@type":"WebPage","@id":"https:\/\/abet.com.br\/abet\/assembeia\/#webpage","url":"https:\/\/abet.com.br\/abet\/assembeia\/","name":"ABET - Assembleias Ordin\u00e1ria e Extraordin\u00e1ria ser\u00e3o realizadas em breve","isPartOf":{"@id":"https:\/\/abet.com.br\/abet\/#website"},"primaryImageOfPage":{"@id":"https:\/\/abet.com.br\/abet\/assembeia\/#primaryimage"},"datePublished":"2019-09-22T15:46:47+00:00","dateModified":"2021-03-19T12:00:06+00:00","author":{"@id":"https:\/\/abet.com.br\/abet\/#\/schema\/person\/a7a67219fb5cf5f5193f7a77113cd4fc"},"description":"Acesse o site e saiba mais sobre as Assemb\u00e9ia que ir\u00e1 acontecer no pr\u00f3ximo dia 08\/04\/2019, \u00e0s 08:00 e 09:00 respectivamente na sede da ABET.","breadcrumb":{"@id":"https:\/\/abet.com.br\/abet\/assembeia\/#breadcrumb"},"inLanguage":"pt-BR","potentialAction":[{"@type":"ReadAction","target":["https:\/\/abet.com.br\/abet\/assembeia\/"]}]},{"@type":"BreadcrumbList","@id":"https:\/\/abet.com.br\/abet\/assembeia\/#breadcrumb","itemListElement":[{"@type":"ListItem","position":1,"name":"Home","item":"https:\/\/abet.com.br\/abet\/"},{"@type":"ListItem","position":2,"name":"Assembl\u00e9ia Geral"}]},{"@type":"Person","@id":"https:\/\/abet.com.br\/abet\/#\/schema\/person\/a7a67219fb5cf5f5193f7a77113cd4fc","name":"yellowlamp","image":{"@type":"ImageObject","@id":"https:\/\/abet.com.br\/abet\/#personlogo","inLanguage":"pt-BR","url":"https:\/\/secure.gravatar.com\/avatar\/4068c9c9b0122c49f53d6db7aa0e3c94?s=96&d=mm&r=g","contentUrl":"https:\/\/secure.gravatar.com\/avatar\/4068c9c9b0122c49f53d6db7aa0e3c94?s=96&d=mm&r=g","caption":"yellowlamp"},"url":"https:\/\/abet.com.br\/abet\/author\/yellowlamp\/"}]}},"_links":{"self":[{"href":"https:\/\/abet.com.br\/abet\/wp-json\/wp\/v2\/posts\/642"}],"collection":[{"href":"https:\/\/abet.com.br\/abet\/wp-json\/wp\/v2\/posts"}],"about":[{"href":"https:\/\/abet.com.br\/abet\/wp-json\/wp\/v2\/types\/post"}],"author":[{"embeddable":true,"href":"https:\/\/abet.com.br\/abet\/wp-json\/wp\/v2\/users\/1"}],"replies":[{"embeddable":true,"href":"https:\/\/abet.com.br\/abet\/wp-json\/wp\/v2\/comments?post=642"}],"version-history":[{"count":3,"href":"https:\/\/abet.com.br\/abet\/wp-json\/wp\/v2\/posts\/642\/revisions"}],"predecessor-version":[{"id":1826,"href":"https:\/\/abet.com.br\/abet\/wp-json\/wp\/v2\/posts\/642\/revisions\/1826"}],"wp:featuredmedia":[{"embeddable":true,"href":"https:\/\/abet.com.br\/abet\/wp-json\/wp\/v2\/media\/645"}],"wp:attachment":[{"href":"https:\/\/abet.com.br\/abet\/wp-json\/wp\/v2\/media?parent=642"}],"wp:term":[{"taxonomy":"category","embeddable":true,"href":"https:\/\/abet.com.br\/abet\/wp-json\/wp\/v2\/categories?post=642"},{"taxonomy":"post_tag","embeddable":true,"href":"https:\/\/abet.com.br\/abet\/wp-json\/wp\/v2\/tags?post=642"}],"curies":[{"name":"wp","href":"https:\/\/api.w.org\/{rel}","templated":true}]}}