
{"id":5225,"date":"2026-04-14T12:26:04","date_gmt":"2026-04-14T15:26:04","guid":{"rendered":"https:\/\/abet.com.br\/abet\/?p=5225"},"modified":"2026-04-14T17:06:06","modified_gmt":"2026-04-14T20:06:06","slug":"assembleia-geral-ordinaria-e-extraordinaria-2026","status":"publish","type":"post","link":"https:\/\/abet.com.br\/abet\/assembleia-geral-ordinaria-e-extraordinaria-2026\/","title":{"rendered":"Assembleia Geral Ordin\u00e1ria e Extraordin\u00e1ria &#8211; 2026"},"content":{"rendered":"<p>[et_pb_section fb_built=&#8221;1&#8243; fullwidth=&#8221;on&#8221; _builder_version=&#8221;4.16&#8243; global_colors_info=&#8221;{}&#8221;][et_pb_fullwidth_post_title meta=&#8221;off&#8221; featured_placement=&#8221;background&#8221; text_color=&#8221;light&#8221; text_background=&#8221;on&#8221; text_bg_color=&#8221;rgba(172,194,225,0.82)&#8221; _builder_version=&#8221;4.16&#8243; title_font=&#8221;||||||||&#8221; title_font_size=&#8221;36px&#8221; meta_font=&#8221;||||||||&#8221; custom_padding=&#8221;250px||0px&#8221; global_colors_info=&#8221;{}&#8221;][\/et_pb_fullwidth_post_title][\/et_pb_section][et_pb_section fb_built=&#8221;1&#8243; _builder_version=&#8221;4.16&#8243; custom_padding=&#8221;66px|0px|2px|0px|false|false&#8221; global_colors_info=&#8221;{}&#8221;][et_pb_row _builder_version=&#8221;4.16&#8243; global_colors_info=&#8221;{}&#8221;][et_pb_column type=&#8221;4_4&#8243; _builder_version=&#8221;4.16&#8243; custom_padding=&#8221;|||&#8221; global_colors_info=&#8221;{}&#8221; custom_padding__hover=&#8221;|||&#8221;][et_pb_text _builder_version=&#8221;4.17.0&#8243; global_colors_info=&#8221;{}&#8221;]<\/p>\n<h1><\/h1>\n<p><span><span color=\"#000000\" style=\"color: #000000;\"><em><\/em><\/span><\/span><\/p>\n<p>[\/et_pb_text][\/et_pb_column][\/et_pb_row][et_pb_row _builder_version=&#8221;4.16&#8243; global_colors_info=&#8221;{}&#8221;][et_pb_column type=&#8221;4_4&#8243; _builder_version=&#8221;4.16&#8243; custom_padding=&#8221;|||&#8221; global_colors_info=&#8221;{}&#8221; custom_padding__hover=&#8221;|||&#8221;][et_pb_text _builder_version=&#8221;4.17.0&#8243; custom_padding=&#8221;||0px|||&#8221; global_colors_info=&#8221;{}&#8221;]<\/p>\n<h4><strong>Prezados Associados<\/strong><\/h4>\n<p><strong><\/strong><\/p>\n<p>Est\u00e3o convocados os senhores <strong>Associados Titulares e Honor\u00e1rios<\/strong>, a participarem da\u00a0<strong>Assembleia Geral Ordin\u00e1ria e Extraordin\u00e1ria<\/strong>.<\/p>\n<p><strong>Assembleia Geral Ordin\u00e1ria<\/strong>, a ser realizada no pr\u00f3ximo\u00a0<strong>dia 29\/04\/2026, \u00e0s 08:30<\/strong> na sede da ABET a fim de deliberarem sobre a apresenta\u00e7\u00e3o da seguinte\u00a0<strong>Ordem do Dia:\u00a0<\/strong><\/p>\n<p><strong>a) Apresenta\u00e7\u00e3o do Balan\u00e7o Patrimonial, da Demonstra\u00e7\u00e3o do Resultado do Exerc\u00edcio, das Muta\u00e7\u00f5es do Patrim\u00f4nio L\u00edquido, do Fluxo de Caixa e das Notas Explicativas relativas ao exerc\u00edcio de 2025;<br \/>b) Parecer dos Auditores Independentes, do Conselho de Administra\u00e7\u00e3o e do Conselho Fiscal.<\/strong><\/p>\n<p><strong><\/strong><\/p>\n<p><strong>Em seguida ocorrer\u00e1 a Assembleia Geral Extraordin\u00e1ria<\/strong>, a ser realizada as 10h00 a fim de deliberarem sobre a apresenta\u00e7\u00e3o da seguinte <strong>Ordem do Dia:\u00a0 \u00a0 \u00a0 \u00a0 \u00a0 \u00a0 \u00a0 \u00a0 \u00a0 \u00a0 \u00a0 \u00a0 \u00a0<\/strong><\/p>\n<p><strong>a) Proposta de Altera\u00e7\u00e3o do Estatuto Social da ABET<\/strong>.<\/p>\n<p>Nos termos do artigo 49, paragrafo \u00fanico do Estatuto Social, as propostas de altera\u00e7\u00e3o estatut\u00e1ria estar\u00e3o dispon\u00edveis aos Associados a partir de 21\/04\/2026, no site eletr\u00f4nico da ABET (www.abet.com.br).<\/p>\n<p>A sua presen\u00e7a \u00e9 muito importante, pois as decis\u00f5es a serem tomadas, s\u00e3o do interesse de todos, conforme Edital de Convoca\u00e7\u00e3o AGO e AGE.<\/p>\n<p>&nbsp;<\/p>\n<p>Atenciosamente,<br \/>Daniela Macedo Pereira.<\/p>\n<p>[\/et_pb_text][et_pb_button button_url=&#8221;https:\/\/abet.com.br\/abet\/wp-content\/uploads\/2026\/04\/EDITAL-AGO-2026-assinado-1.pdf&#8221; url_new_window=&#8221;on&#8221; button_text=&#8221;Edital &#8211; Assembl\u00e9ia Geral Ordin\u00e1ria&#8221; _builder_version=&#8221;4.17.0&#8243; custom_button=&#8221;on&#8221; button_text_color=&#8221;#003879&#8243; button_border_color=&#8221;#003879&#8243; button_font=&#8221;||||||||&#8221; button_icon=&#8221;&#xe059;||divi||400&#8243; button_icon_placement=&#8221;left&#8221; button_on_hover=&#8221;off&#8221; hover_enabled=&#8221;0&#8243; global_colors_info=&#8221;{}&#8221; button_bg_color__hover_enabled=&#8221;on&#8221; button_bg_color__hover=&#8221;#003879&#8243; button_text_color__hover_enabled=&#8221;on&#8221; button_text_color__hover=&#8221;#ffffff&#8221; sticky_enabled=&#8221;0&#8243;][\/et_pb_button][et_pb_button button_url=&#8221;https:\/\/abet.com.br\/abet\/wp-content\/uploads\/2026\/04\/Edital_AGE_2026-assinado.pdf&#8221; url_new_window=&#8221;on&#8221; button_text=&#8221;Edital &#8211; Assembl\u00e9ia Geral Extraordin\u00e1ria&#8221; _builder_version=&#8221;4.17.0&#8243; custom_button=&#8221;on&#8221; button_text_color=&#8221;#003879&#8243; button_border_color=&#8221;#003879&#8243; button_font=&#8221;||||||||&#8221; button_icon=&#8221;&#xe059;||divi||400&#8243; button_icon_placement=&#8221;left&#8221; button_on_hover=&#8221;off&#8221; global_colors_info=&#8221;{}&#8221; button_bg_color__hover_enabled=&#8221;on&#8221; button_bg_color__hover=&#8221;#003879&#8243; button_text_color__hover_enabled=&#8221;on&#8221; button_text_color__hover=&#8221;#ffffff&#8221;][\/et_pb_button][et_pb_button button_url=&#8221;https:\/\/abet.com.br\/abet\/wp-content\/uploads\/2026\/04\/AGO-AGE-Edital-Jornal.pdf&#8221; url_new_window=&#8221;on&#8221; button_text=&#8221;Editais AGO\/AGE &#8211; Publica\u00e7\u00e3o no Jornal&#8221; _builder_version=&#8221;4.17.0&#8243; custom_button=&#8221;on&#8221; button_text_color=&#8221;#003879&#8243; button_border_color=&#8221;#003879&#8243; button_font=&#8221;||||||||&#8221; button_icon=&#8221;&#xe059;||divi||400&#8243; button_icon_placement=&#8221;left&#8221; button_on_hover=&#8221;off&#8221; global_colors_info=&#8221;{}&#8221; button_bg_color__hover_enabled=&#8221;on&#8221; button_bg_color__hover=&#8221;#003879&#8243; button_text_color__hover_enabled=&#8221;on&#8221; button_text_color__hover=&#8221;#ffffff&#8221;][\/et_pb_button][\/et_pb_column][\/et_pb_row][\/et_pb_section]<\/p>\n","protected":false},"excerpt":{"rendered":"<p>Prezados Associados Est\u00e3o convocados os senhores Associados Titulares e Honor\u00e1rios, a participarem da\u00a0Assembleia Geral Ordin\u00e1ria e Extraordin\u00e1ria. Assembleia Geral Ordin\u00e1ria, a ser realizada no pr\u00f3ximo\u00a0dia 29\/04\/2026, \u00e0s 08:30 na sede da ABET a fim de deliberarem sobre a apresenta\u00e7\u00e3o da seguinte\u00a0Ordem do Dia:\u00a0 a) Apresenta\u00e7\u00e3o do Balan\u00e7o Patrimonial, da Demonstra\u00e7\u00e3o do Resultado do Exerc\u00edcio, das [&hellip;]<\/p>\n","protected":false},"author":8,"featured_media":5219,"comment_status":"closed","ping_status":"open","sticky":false,"template":"","format":"standard","meta":{"_et_pb_use_builder":"on","_et_pb_old_content":"","_et_gb_content_width":"","_mi_skip_tracking":false},"categories":[62],"tags":[],"yoast_head":"<!-- This site is optimized with the Yoast SEO plugin v18.5.1 - https:\/\/yoast.com\/wordpress\/plugins\/seo\/ -->\r\n<title>ABET - Assembleias Ordin\u00e1ria e Extraordin\u00e1ria ser\u00e3o realizadas em breve<\/title>\r\n<meta name=\"description\" content=\"Acesse o site e saiba mais sobre as Assembleias que acontecer\u00e3o no pr\u00f3ximo dia 29\/04\/2026, \u00e0s 08:30 e 10:00 respectivamente na sede da ABET.\" \/>\r\n<meta name=\"robots\" content=\"index, follow, max-snippet:-1, max-image-preview:large, max-video-preview:-1\" \/>\r\n<link rel=\"canonical\" href=\"https:\/\/abet.com.br\/abet\/assembleia-geral-ordinaria-e-extraordinaria-2026\/\" \/>\r\n<meta property=\"og:locale\" content=\"pt_BR\" \/>\r\n<meta property=\"og:type\" content=\"article\" \/>\r\n<meta property=\"og:title\" content=\"ABET - Assembleias Ordin\u00e1ria e Extraordin\u00e1ria ser\u00e3o realizadas em breve\" \/>\r\n<meta property=\"og:description\" content=\"Acesse o site e saiba mais sobre as Assembleias que acontecer\u00e3o no pr\u00f3ximo dia 29\/04\/2026, \u00e0s 08:30 e 10:00 respectivamente na sede da ABET.\" \/>\r\n<meta property=\"og:url\" content=\"https:\/\/abet.com.br\/abet\/assembleia-geral-ordinaria-e-extraordinaria-2026\/\" \/>\r\n<meta property=\"og:site_name\" content=\"ABET\" \/>\r\n<meta property=\"article:published_time\" content=\"2026-04-14T15:26:04+00:00\" \/>\r\n<meta property=\"article:modified_time\" content=\"2026-04-14T20:06:06+00:00\" \/>\r\n<meta property=\"og:image\" content=\"https:\/\/abet.com.br\/abet\/wp-content\/uploads\/2026\/04\/assembleia-2026-1024x724.png\" \/>\r\n\t<meta property=\"og:image:width\" content=\"1024\" \/>\r\n\t<meta property=\"og:image:height\" content=\"724\" \/>\r\n\t<meta property=\"og:image:type\" content=\"image\/png\" \/>\r\n<meta name=\"twitter:card\" content=\"summary_large_image\" \/>\r\n<meta name=\"twitter:label1\" content=\"Written by\" \/>\n\t<meta name=\"twitter:data1\" content=\"ABET\" \/>\n\t<meta name=\"twitter:label2\" content=\"Est. reading time\" \/>\n\t<meta name=\"twitter:data2\" content=\"2 minutos\" \/>\r\n<script type=\"application\/ld+json\" class=\"yoast-schema-graph\">{\"@context\":\"https:\/\/schema.org\",\"@graph\":[{\"@type\":\"WebSite\",\"@id\":\"https:\/\/abet.com.br\/abet\/#website\",\"url\":\"https:\/\/abet.com.br\/abet\/\",\"name\":\"ABET\",\"description\":\"Associa\u00e7\u00e3o Brasileira dos Empregados em Telecomunica\u00e7\u00f5es.\",\"potentialAction\":[{\"@type\":\"SearchAction\",\"target\":{\"@type\":\"EntryPoint\",\"urlTemplate\":\"https:\/\/abet.com.br\/abet\/?s={search_term_string}\"},\"query-input\":\"required name=search_term_string\"}],\"inLanguage\":\"pt-BR\"},{\"@type\":\"ImageObject\",\"@id\":\"https:\/\/abet.com.br\/abet\/assembleia-geral-ordinaria-e-extraordinaria-2026\/#primaryimage\",\"inLanguage\":\"pt-BR\",\"url\":\"https:\/\/abet.com.br\/abet\/wp-content\/uploads\/2026\/04\/assembleia-2026.png\",\"contentUrl\":\"https:\/\/abet.com.br\/abet\/wp-content\/uploads\/2026\/04\/assembleia-2026.png\",\"width\":3500,\"height\":2475},{\"@type\":\"WebPage\",\"@id\":\"https:\/\/abet.com.br\/abet\/assembleia-geral-ordinaria-e-extraordinaria-2026\/#webpage\",\"url\":\"https:\/\/abet.com.br\/abet\/assembleia-geral-ordinaria-e-extraordinaria-2026\/\",\"name\":\"ABET - Assembleias Ordin\u00e1ria e Extraordin\u00e1ria ser\u00e3o realizadas em breve\",\"isPartOf\":{\"@id\":\"https:\/\/abet.com.br\/abet\/#website\"},\"primaryImageOfPage\":{\"@id\":\"https:\/\/abet.com.br\/abet\/assembleia-geral-ordinaria-e-extraordinaria-2026\/#primaryimage\"},\"datePublished\":\"2026-04-14T15:26:04+00:00\",\"dateModified\":\"2026-04-14T20:06:06+00:00\",\"author\":{\"@id\":\"https:\/\/abet.com.br\/abet\/#\/schema\/person\/17d631a7ea0087a67036423faa24e62d\"},\"description\":\"Acesse o site e saiba mais sobre as Assembleias que acontecer\u00e3o no pr\u00f3ximo dia 29\/04\/2026, \u00e0s 08:30 e 10:00 respectivamente na sede da ABET.\",\"breadcrumb\":{\"@id\":\"https:\/\/abet.com.br\/abet\/assembleia-geral-ordinaria-e-extraordinaria-2026\/#breadcrumb\"},\"inLanguage\":\"pt-BR\",\"potentialAction\":[{\"@type\":\"ReadAction\",\"target\":[\"https:\/\/abet.com.br\/abet\/assembleia-geral-ordinaria-e-extraordinaria-2026\/\"]}]},{\"@type\":\"BreadcrumbList\",\"@id\":\"https:\/\/abet.com.br\/abet\/assembleia-geral-ordinaria-e-extraordinaria-2026\/#breadcrumb\",\"itemListElement\":[{\"@type\":\"ListItem\",\"position\":1,\"name\":\"Home\",\"item\":\"https:\/\/abet.com.br\/abet\/\"},{\"@type\":\"ListItem\",\"position\":2,\"name\":\"Assembleia Geral Ordin\u00e1ria e Extraordin\u00e1ria &#8211; 2026\"}]},{\"@type\":\"Person\",\"@id\":\"https:\/\/abet.com.br\/abet\/#\/schema\/person\/17d631a7ea0087a67036423faa24e62d\",\"name\":\"ABET\",\"image\":{\"@type\":\"ImageObject\",\"@id\":\"https:\/\/abet.com.br\/abet\/#personlogo\",\"inLanguage\":\"pt-BR\",\"url\":\"https:\/\/secure.gravatar.com\/avatar\/45949b3f4e9e12451f0ffb0b2036ecbc?s=96&d=mm&r=g\",\"contentUrl\":\"https:\/\/secure.gravatar.com\/avatar\/45949b3f4e9e12451f0ffb0b2036ecbc?s=96&d=mm&r=g\",\"caption\":\"ABET\"},\"url\":\"https:\/\/abet.com.br\/abet\/author\/abet22\/\"}]}<\/script>\r\n<!-- \/ Yoast SEO plugin. -->","yoast_head_json":{"title":"ABET - Assembleias Ordin\u00e1ria e Extraordin\u00e1ria ser\u00e3o realizadas em breve","description":"Acesse o site e saiba mais sobre as Assembleias que acontecer\u00e3o no pr\u00f3ximo dia 29\/04\/2026, \u00e0s 08:30 e 10:00 respectivamente na sede da ABET.","robots":{"index":"index","follow":"follow","max-snippet":"max-snippet:-1","max-image-preview":"max-image-preview:large","max-video-preview":"max-video-preview:-1"},"canonical":"https:\/\/abet.com.br\/abet\/assembleia-geral-ordinaria-e-extraordinaria-2026\/","og_locale":"pt_BR","og_type":"article","og_title":"ABET - Assembleias Ordin\u00e1ria e Extraordin\u00e1ria ser\u00e3o realizadas em breve","og_description":"Acesse o site e saiba mais sobre as Assembleias que acontecer\u00e3o no pr\u00f3ximo dia 29\/04\/2026, \u00e0s 08:30 e 10:00 respectivamente na sede da ABET.","og_url":"https:\/\/abet.com.br\/abet\/assembleia-geral-ordinaria-e-extraordinaria-2026\/","og_site_name":"ABET","article_published_time":"2026-04-14T15:26:04+00:00","article_modified_time":"2026-04-14T20:06:06+00:00","og_image":[{"width":1024,"height":724,"url":"https:\/\/abet.com.br\/abet\/wp-content\/uploads\/2026\/04\/assembleia-2026-1024x724.png","type":"image\/png"}],"twitter_card":"summary_large_image","twitter_misc":{"Written by":"ABET","Est. reading time":"2 minutos"},"schema":{"@context":"https:\/\/schema.org","@graph":[{"@type":"WebSite","@id":"https:\/\/abet.com.br\/abet\/#website","url":"https:\/\/abet.com.br\/abet\/","name":"ABET","description":"Associa\u00e7\u00e3o Brasileira dos Empregados em Telecomunica\u00e7\u00f5es.","potentialAction":[{"@type":"SearchAction","target":{"@type":"EntryPoint","urlTemplate":"https:\/\/abet.com.br\/abet\/?s={search_term_string}"},"query-input":"required name=search_term_string"}],"inLanguage":"pt-BR"},{"@type":"ImageObject","@id":"https:\/\/abet.com.br\/abet\/assembleia-geral-ordinaria-e-extraordinaria-2026\/#primaryimage","inLanguage":"pt-BR","url":"https:\/\/abet.com.br\/abet\/wp-content\/uploads\/2026\/04\/assembleia-2026.png","contentUrl":"https:\/\/abet.com.br\/abet\/wp-content\/uploads\/2026\/04\/assembleia-2026.png","width":3500,"height":2475},{"@type":"WebPage","@id":"https:\/\/abet.com.br\/abet\/assembleia-geral-ordinaria-e-extraordinaria-2026\/#webpage","url":"https:\/\/abet.com.br\/abet\/assembleia-geral-ordinaria-e-extraordinaria-2026\/","name":"ABET - Assembleias Ordin\u00e1ria e Extraordin\u00e1ria ser\u00e3o realizadas em breve","isPartOf":{"@id":"https:\/\/abet.com.br\/abet\/#website"},"primaryImageOfPage":{"@id":"https:\/\/abet.com.br\/abet\/assembleia-geral-ordinaria-e-extraordinaria-2026\/#primaryimage"},"datePublished":"2026-04-14T15:26:04+00:00","dateModified":"2026-04-14T20:06:06+00:00","author":{"@id":"https:\/\/abet.com.br\/abet\/#\/schema\/person\/17d631a7ea0087a67036423faa24e62d"},"description":"Acesse o site e saiba mais sobre as Assembleias que acontecer\u00e3o no pr\u00f3ximo dia 29\/04\/2026, \u00e0s 08:30 e 10:00 respectivamente na sede da ABET.","breadcrumb":{"@id":"https:\/\/abet.com.br\/abet\/assembleia-geral-ordinaria-e-extraordinaria-2026\/#breadcrumb"},"inLanguage":"pt-BR","potentialAction":[{"@type":"ReadAction","target":["https:\/\/abet.com.br\/abet\/assembleia-geral-ordinaria-e-extraordinaria-2026\/"]}]},{"@type":"BreadcrumbList","@id":"https:\/\/abet.com.br\/abet\/assembleia-geral-ordinaria-e-extraordinaria-2026\/#breadcrumb","itemListElement":[{"@type":"ListItem","position":1,"name":"Home","item":"https:\/\/abet.com.br\/abet\/"},{"@type":"ListItem","position":2,"name":"Assembleia Geral Ordin\u00e1ria e Extraordin\u00e1ria &#8211; 2026"}]},{"@type":"Person","@id":"https:\/\/abet.com.br\/abet\/#\/schema\/person\/17d631a7ea0087a67036423faa24e62d","name":"ABET","image":{"@type":"ImageObject","@id":"https:\/\/abet.com.br\/abet\/#personlogo","inLanguage":"pt-BR","url":"https:\/\/secure.gravatar.com\/avatar\/45949b3f4e9e12451f0ffb0b2036ecbc?s=96&d=mm&r=g","contentUrl":"https:\/\/secure.gravatar.com\/avatar\/45949b3f4e9e12451f0ffb0b2036ecbc?s=96&d=mm&r=g","caption":"ABET"},"url":"https:\/\/abet.com.br\/abet\/author\/abet22\/"}]}},"_links":{"self":[{"href":"https:\/\/abet.com.br\/abet\/wp-json\/wp\/v2\/posts\/5225"}],"collection":[{"href":"https:\/\/abet.com.br\/abet\/wp-json\/wp\/v2\/posts"}],"about":[{"href":"https:\/\/abet.com.br\/abet\/wp-json\/wp\/v2\/types\/post"}],"author":[{"embeddable":true,"href":"https:\/\/abet.com.br\/abet\/wp-json\/wp\/v2\/users\/8"}],"replies":[{"embeddable":true,"href":"https:\/\/abet.com.br\/abet\/wp-json\/wp\/v2\/comments?post=5225"}],"version-history":[{"count":7,"href":"https:\/\/abet.com.br\/abet\/wp-json\/wp\/v2\/posts\/5225\/revisions"}],"predecessor-version":[{"id":5240,"href":"https:\/\/abet.com.br\/abet\/wp-json\/wp\/v2\/posts\/5225\/revisions\/5240"}],"wp:featuredmedia":[{"embeddable":true,"href":"https:\/\/abet.com.br\/abet\/wp-json\/wp\/v2\/media\/5219"}],"wp:attachment":[{"href":"https:\/\/abet.com.br\/abet\/wp-json\/wp\/v2\/media?parent=5225"}],"wp:term":[{"taxonomy":"category","embeddable":true,"href":"https:\/\/abet.com.br\/abet\/wp-json\/wp\/v2\/categories?post=5225"},{"taxonomy":"post_tag","embeddable":true,"href":"https:\/\/abet.com.br\/abet\/wp-json\/wp\/v2\/tags?post=5225"}],"curies":[{"name":"wp","href":"https:\/\/api.w.org\/{rel}","templated":true}]}}