
{"id":4020,"date":"2022-08-19T16:20:15","date_gmt":"2022-08-19T19:20:15","guid":{"rendered":"https:\/\/abet.com.br\/abet\/?p=4020"},"modified":"2022-08-19T16:25:30","modified_gmt":"2022-08-19T19:25:30","slug":"reajuste-met-life-dental","status":"publish","type":"post","link":"https:\/\/abet.com.br\/abet\/reajuste-met-life-dental\/","title":{"rendered":"MET LIFE Dental Reajuste 2022"},"content":{"rendered":"<p>[et_pb_section fb_built=&#8221;1&#8243; fullwidth=&#8221;on&#8221; _builder_version=&#8221;4.16&#8243; global_colors_info=&#8221;{}&#8221;][et_pb_fullwidth_post_title meta=&#8221;off&#8221; featured_placement=&#8221;background&#8221; text_color=&#8221;light&#8221; text_background=&#8221;on&#8221; text_bg_color=&#8221;rgba(172,194,225,0.82)&#8221; _builder_version=&#8221;4.17.0&#8243; title_font=&#8221;||||||||&#8221; title_font_size=&#8221;36px&#8221; meta_font=&#8221;||||||||&#8221; background_image=&#8221;https:\/\/abet.com.br\/abet\/wp-content\/uploads\/2022\/08\/dentist-examining-a-female-patient-with-tools-scaled.jpg&#8221; custom_padding=&#8221;250px||0px&#8221; global_colors_info=&#8221;{}&#8221;][\/et_pb_fullwidth_post_title][\/et_pb_section][et_pb_section fb_built=&#8221;1&#8243; _builder_version=&#8221;4.16&#8243; custom_padding=&#8221;6px|0px|2px|0px|false|false&#8221; global_colors_info=&#8221;{}&#8221;][et_pb_row _builder_version=&#8221;4.16&#8243; custom_padding=&#8221;67px|195px|0|195px|false|false&#8221; global_colors_info=&#8221;{}&#8221;][et_pb_column type=&#8221;4_4&#8243; _builder_version=&#8221;4.16&#8243; custom_padding=&#8221;|||&#8221; global_colors_info=&#8221;{}&#8221; custom_padding__hover=&#8221;|||&#8221;][et_pb_text _builder_version=&#8221;4.16&#8243; global_colors_info=&#8221;{}&#8221;]<\/p>\n<p><span>Informamos que o reajuste contratual do Plano Odontol\u00f3gico <strong>MET LIFE Dental <\/strong>ser\u00e1 a partir da mensalidade de Setembro\/2022. O \u00edndice de reajuste anual \u00e9 o IPCA, que no per\u00edodo fechou em 11,73%. Levando em considera\u00e7\u00e3o a sinistralidade dos planos neste per\u00edodo, a ABET reajustar\u00e1 em \u00a09%, esses \u00a0para mantermos o equil\u00edbrio do conv\u00eanio para \u00a0nos pr\u00f3ximos 12 meses.<\/span><\/p>\n<p><span>Nestas condi\u00e7\u00f5es, apresentamos abaixo a seguinte altera\u00e7\u00e3o nos valores das mensalidades por inscrito que passa a \u00a0vigorar em Setembro\/2022:<\/span><\/p>\n<p><span>\u00a0<\/span><\/p>\n<p><span>\u00a0<\/span><\/p>\n<table>\n<tbody>\n<tr>\n<td width=\"255\">\n<p><strong>Planos<\/strong><\/p>\n<\/td>\n<td width=\"132\">\n<p><strong>Mensalidade atual<\/strong><\/p>\n<\/td>\n<td width=\"142\">\n<p><strong>Mensalidade a partir de 01\/09\/2022<\/strong><\/p>\n<\/td>\n<\/tr>\n<tr>\n<td width=\"255\">\n<p><strong>FIRST<\/strong><\/p>\n<\/td>\n<td width=\"132\">\n<p>&nbsp;<\/p>\n<p>R$ 13,16<\/p>\n<\/td>\n<td width=\"142\">\n<p>&nbsp;<\/p>\n<p>R$ 14,34<\/p>\n<\/td>\n<\/tr>\n<tr>\n<td width=\"255\">\n<p><strong>GOLD<\/strong><\/p>\n<\/td>\n<td width=\"132\">\n<p>&nbsp;<\/p>\n<p>R$ 27,00<\/p>\n<\/td>\n<td width=\"142\">\n<p>&nbsp;<\/p>\n<p>R$ 29,43<\/p>\n<\/td>\n<\/tr>\n<tr>\n<td width=\"255\">\n<p><strong>DIAMOND<\/strong><\/p>\n<\/td>\n<td width=\"132\">\n<p>&nbsp;<\/p>\n<p>R$ 105,00<\/p>\n<\/td>\n<td width=\"142\">\n<p>&nbsp;<\/p>\n<p>R$ 114,45<\/p>\n<\/td>\n<\/tr>\n<\/tbody>\n<\/table>\n<p><span>\u00a0<\/span><\/p>\n<p><span>\u00a0<\/span><span>Agradecemos a aten\u00e7\u00e3o e colocamo-nos \u00e0 disposi\u00e7\u00e3o atrav\u00e9s da nossa Central de Atendimento no telefone: 08000 111 777 ou atrav\u00e9s do nosso portal <a href=\"http:\/\/www.abet.com.br\/\">www.abet.com.br.<\/a><\/span><\/p>\n<p><span>\u00a0<\/span><\/p>\n<p>&nbsp;<\/p>\n<p><strong><\/strong><\/p>\n<p>[\/et_pb_text][\/et_pb_column][\/et_pb_row][\/et_pb_section][et_pb_section fb_built=&#8221;1&#8243; _builder_version=&#8221;4.17.0&#8243; _module_preset=&#8221;default&#8221; global_colors_info=&#8221;{}&#8221;][\/et_pb_section][et_pb_section fb_built=&#8221;1&#8243; _builder_version=&#8221;4.17.0&#8243; _module_preset=&#8221;default&#8221; global_colors_info=&#8221;{}&#8221;][et_pb_row _builder_version=&#8221;4.17.0&#8243; _module_preset=&#8221;default&#8221; global_colors_info=&#8221;{}&#8221;][et_pb_column type=&#8221;4_4&#8243; _builder_version=&#8221;4.17.0&#8243; _module_preset=&#8221;default&#8221; global_colors_info=&#8221;{}&#8221;][\/et_pb_column][\/et_pb_row][\/et_pb_section]<\/p>\n","protected":false},"excerpt":{"rendered":"<p>Informamos que o reajuste contratual do Plano Odontol\u00f3gico MET LIFE Dental ser\u00e1 a partir da mensalidade de Setembro\/2022. O \u00edndice de reajuste anual \u00e9 o IPCA, que no per\u00edodo fechou em 11,73%. Levando em considera\u00e7\u00e3o a sinistralidade dos planos neste per\u00edodo, a ABET reajustar\u00e1 em \u00a09%, esses \u00a0para mantermos o equil\u00edbrio do conv\u00eanio para \u00a0nos [&hellip;]<\/p>\n","protected":false},"author":8,"featured_media":4021,"comment_status":"closed","ping_status":"open","sticky":false,"template":"","format":"standard","meta":{"_et_pb_use_builder":"on","_et_pb_old_content":"","_et_gb_content_width":"","_mi_skip_tracking":false},"categories":[10],"tags":[],"yoast_head":"<!-- This site is optimized with the Yoast SEO plugin v18.5.1 - https:\/\/yoast.com\/wordpress\/plugins\/seo\/ -->\r\n<title>ABET - Reajuste na mensalidade do Plano Odontol\u00f3gico Met Life Dental<\/title>\r\n<meta name=\"description\" content=\"Acesse o nosso site para conferir a nova mensalidade para os benefici\u00e1rio dos Planos odontol\u00f3gicos MET LIFE. As novas mensalidades entrar\u00e1 em vigor a partir de 1\u00b0 de agosto de 2022. %\" \/>\r\n<meta name=\"robots\" content=\"index, follow, max-snippet:-1, max-image-preview:large, max-video-preview:-1\" \/>\r\n<link rel=\"canonical\" href=\"https:\/\/abet.com.br\/abet\/reajuste-met-life-dental\/\" \/>\r\n<meta property=\"og:locale\" content=\"pt_BR\" \/>\r\n<meta property=\"og:type\" content=\"article\" \/>\r\n<meta property=\"og:title\" content=\"ABET - Reajuste na mensalidade do Plano Odontol\u00f3gico Met Life Dental\" \/>\r\n<meta property=\"og:description\" content=\"Acesse o nosso site para conferir a nova mensalidade para os benefici\u00e1rio dos Planos odontol\u00f3gicos MET LIFE. As novas mensalidades entrar\u00e1 em vigor a partir de 1\u00b0 de agosto de 2022. %\" \/>\r\n<meta property=\"og:url\" content=\"https:\/\/abet.com.br\/abet\/reajuste-met-life-dental\/\" \/>\r\n<meta property=\"og:site_name\" content=\"ABET\" \/>\r\n<meta property=\"article:published_time\" content=\"2022-08-19T19:20:15+00:00\" \/>\r\n<meta property=\"article:modified_time\" content=\"2022-08-19T19:25:30+00:00\" \/>\r\n<meta property=\"og:image\" content=\"https:\/\/abet.com.br\/abet\/wp-content\/uploads\/2022\/08\/dentist-examining-a-female-patient-with-tools-scaled.jpg\" \/>\r\n\t<meta property=\"og:image:width\" content=\"2560\" \/>\r\n\t<meta property=\"og:image:height\" content=\"1707\" \/>\r\n\t<meta property=\"og:image:type\" content=\"image\/jpeg\" \/>\r\n<meta name=\"twitter:card\" content=\"summary_large_image\" \/>\r\n<meta name=\"twitter:label1\" content=\"Written by\" \/>\n\t<meta name=\"twitter:data1\" content=\"ABET\" \/>\n\t<meta name=\"twitter:label2\" content=\"Est. reading time\" \/>\n\t<meta name=\"twitter:data2\" content=\"2 minutos\" \/>\r\n<script type=\"application\/ld+json\" class=\"yoast-schema-graph\">{\"@context\":\"https:\/\/schema.org\",\"@graph\":[{\"@type\":\"WebSite\",\"@id\":\"https:\/\/abet.com.br\/abet\/#website\",\"url\":\"https:\/\/abet.com.br\/abet\/\",\"name\":\"ABET\",\"description\":\"Associa\u00e7\u00e3o Brasileira dos Empregados em Telecomunica\u00e7\u00f5es.\",\"potentialAction\":[{\"@type\":\"SearchAction\",\"target\":{\"@type\":\"EntryPoint\",\"urlTemplate\":\"https:\/\/abet.com.br\/abet\/?s={search_term_string}\"},\"query-input\":\"required name=search_term_string\"}],\"inLanguage\":\"pt-BR\"},{\"@type\":\"ImageObject\",\"@id\":\"https:\/\/abet.com.br\/abet\/reajuste-met-life-dental\/#primaryimage\",\"inLanguage\":\"pt-BR\",\"url\":\"https:\/\/abet.com.br\/abet\/wp-content\/uploads\/2022\/08\/dentist-examining-a-female-patient-with-tools-scaled.jpg\",\"contentUrl\":\"https:\/\/abet.com.br\/abet\/wp-content\/uploads\/2022\/08\/dentist-examining-a-female-patient-with-tools-scaled.jpg\",\"width\":2560,\"height\":1707,\"caption\":\"Dentist examining a female patient with tools at dental clinic\"},{\"@type\":\"WebPage\",\"@id\":\"https:\/\/abet.com.br\/abet\/reajuste-met-life-dental\/#webpage\",\"url\":\"https:\/\/abet.com.br\/abet\/reajuste-met-life-dental\/\",\"name\":\"ABET - Reajuste na mensalidade do Plano Odontol\u00f3gico Met Life Dental\",\"isPartOf\":{\"@id\":\"https:\/\/abet.com.br\/abet\/#website\"},\"primaryImageOfPage\":{\"@id\":\"https:\/\/abet.com.br\/abet\/reajuste-met-life-dental\/#primaryimage\"},\"datePublished\":\"2022-08-19T19:20:15+00:00\",\"dateModified\":\"2022-08-19T19:25:30+00:00\",\"author\":{\"@id\":\"https:\/\/abet.com.br\/abet\/#\/schema\/person\/17d631a7ea0087a67036423faa24e62d\"},\"description\":\"Acesse o nosso site para conferir a nova mensalidade para os benefici\u00e1rio dos Planos odontol\u00f3gicos MET LIFE. As novas mensalidades entrar\u00e1 em vigor a partir de 1\u00b0 de agosto de 2022. %\",\"breadcrumb\":{\"@id\":\"https:\/\/abet.com.br\/abet\/reajuste-met-life-dental\/#breadcrumb\"},\"inLanguage\":\"pt-BR\",\"potentialAction\":[{\"@type\":\"ReadAction\",\"target\":[\"https:\/\/abet.com.br\/abet\/reajuste-met-life-dental\/\"]}]},{\"@type\":\"BreadcrumbList\",\"@id\":\"https:\/\/abet.com.br\/abet\/reajuste-met-life-dental\/#breadcrumb\",\"itemListElement\":[{\"@type\":\"ListItem\",\"position\":1,\"name\":\"Home\",\"item\":\"https:\/\/abet.com.br\/abet\/\"},{\"@type\":\"ListItem\",\"position\":2,\"name\":\"MET LIFE Dental Reajuste 2022\"}]},{\"@type\":\"Person\",\"@id\":\"https:\/\/abet.com.br\/abet\/#\/schema\/person\/17d631a7ea0087a67036423faa24e62d\",\"name\":\"ABET\",\"image\":{\"@type\":\"ImageObject\",\"@id\":\"https:\/\/abet.com.br\/abet\/#personlogo\",\"inLanguage\":\"pt-BR\",\"url\":\"https:\/\/secure.gravatar.com\/avatar\/45949b3f4e9e12451f0ffb0b2036ecbc?s=96&d=mm&r=g\",\"contentUrl\":\"https:\/\/secure.gravatar.com\/avatar\/45949b3f4e9e12451f0ffb0b2036ecbc?s=96&d=mm&r=g\",\"caption\":\"ABET\"},\"url\":\"https:\/\/abet.com.br\/abet\/author\/abet22\/\"}]}<\/script>\r\n<!-- \/ Yoast SEO plugin. -->","yoast_head_json":{"title":"ABET - Reajuste na mensalidade do Plano Odontol\u00f3gico Met Life Dental","description":"Acesse o nosso site para conferir a nova mensalidade para os benefici\u00e1rio dos Planos odontol\u00f3gicos MET LIFE. As novas mensalidades entrar\u00e1 em vigor a partir de 1\u00b0 de agosto de 2022. %","robots":{"index":"index","follow":"follow","max-snippet":"max-snippet:-1","max-image-preview":"max-image-preview:large","max-video-preview":"max-video-preview:-1"},"canonical":"https:\/\/abet.com.br\/abet\/reajuste-met-life-dental\/","og_locale":"pt_BR","og_type":"article","og_title":"ABET - Reajuste na mensalidade do Plano Odontol\u00f3gico Met Life Dental","og_description":"Acesse o nosso site para conferir a nova mensalidade para os benefici\u00e1rio dos Planos odontol\u00f3gicos MET LIFE. As novas mensalidades entrar\u00e1 em vigor a partir de 1\u00b0 de agosto de 2022. %","og_url":"https:\/\/abet.com.br\/abet\/reajuste-met-life-dental\/","og_site_name":"ABET","article_published_time":"2022-08-19T19:20:15+00:00","article_modified_time":"2022-08-19T19:25:30+00:00","og_image":[{"width":2560,"height":1707,"url":"https:\/\/abet.com.br\/abet\/wp-content\/uploads\/2022\/08\/dentist-examining-a-female-patient-with-tools-scaled.jpg","type":"image\/jpeg"}],"twitter_card":"summary_large_image","twitter_misc":{"Written by":"ABET","Est. reading time":"2 minutos"},"schema":{"@context":"https:\/\/schema.org","@graph":[{"@type":"WebSite","@id":"https:\/\/abet.com.br\/abet\/#website","url":"https:\/\/abet.com.br\/abet\/","name":"ABET","description":"Associa\u00e7\u00e3o Brasileira dos Empregados em Telecomunica\u00e7\u00f5es.","potentialAction":[{"@type":"SearchAction","target":{"@type":"EntryPoint","urlTemplate":"https:\/\/abet.com.br\/abet\/?s={search_term_string}"},"query-input":"required name=search_term_string"}],"inLanguage":"pt-BR"},{"@type":"ImageObject","@id":"https:\/\/abet.com.br\/abet\/reajuste-met-life-dental\/#primaryimage","inLanguage":"pt-BR","url":"https:\/\/abet.com.br\/abet\/wp-content\/uploads\/2022\/08\/dentist-examining-a-female-patient-with-tools-scaled.jpg","contentUrl":"https:\/\/abet.com.br\/abet\/wp-content\/uploads\/2022\/08\/dentist-examining-a-female-patient-with-tools-scaled.jpg","width":2560,"height":1707,"caption":"Dentist examining a female patient with tools at dental clinic"},{"@type":"WebPage","@id":"https:\/\/abet.com.br\/abet\/reajuste-met-life-dental\/#webpage","url":"https:\/\/abet.com.br\/abet\/reajuste-met-life-dental\/","name":"ABET - Reajuste na mensalidade do Plano Odontol\u00f3gico Met Life Dental","isPartOf":{"@id":"https:\/\/abet.com.br\/abet\/#website"},"primaryImageOfPage":{"@id":"https:\/\/abet.com.br\/abet\/reajuste-met-life-dental\/#primaryimage"},"datePublished":"2022-08-19T19:20:15+00:00","dateModified":"2022-08-19T19:25:30+00:00","author":{"@id":"https:\/\/abet.com.br\/abet\/#\/schema\/person\/17d631a7ea0087a67036423faa24e62d"},"description":"Acesse o nosso site para conferir a nova mensalidade para os benefici\u00e1rio dos Planos odontol\u00f3gicos MET LIFE. As novas mensalidades entrar\u00e1 em vigor a partir de 1\u00b0 de agosto de 2022. %","breadcrumb":{"@id":"https:\/\/abet.com.br\/abet\/reajuste-met-life-dental\/#breadcrumb"},"inLanguage":"pt-BR","potentialAction":[{"@type":"ReadAction","target":["https:\/\/abet.com.br\/abet\/reajuste-met-life-dental\/"]}]},{"@type":"BreadcrumbList","@id":"https:\/\/abet.com.br\/abet\/reajuste-met-life-dental\/#breadcrumb","itemListElement":[{"@type":"ListItem","position":1,"name":"Home","item":"https:\/\/abet.com.br\/abet\/"},{"@type":"ListItem","position":2,"name":"MET LIFE Dental Reajuste 2022"}]},{"@type":"Person","@id":"https:\/\/abet.com.br\/abet\/#\/schema\/person\/17d631a7ea0087a67036423faa24e62d","name":"ABET","image":{"@type":"ImageObject","@id":"https:\/\/abet.com.br\/abet\/#personlogo","inLanguage":"pt-BR","url":"https:\/\/secure.gravatar.com\/avatar\/45949b3f4e9e12451f0ffb0b2036ecbc?s=96&d=mm&r=g","contentUrl":"https:\/\/secure.gravatar.com\/avatar\/45949b3f4e9e12451f0ffb0b2036ecbc?s=96&d=mm&r=g","caption":"ABET"},"url":"https:\/\/abet.com.br\/abet\/author\/abet22\/"}]}},"_links":{"self":[{"href":"https:\/\/abet.com.br\/abet\/wp-json\/wp\/v2\/posts\/4020"}],"collection":[{"href":"https:\/\/abet.com.br\/abet\/wp-json\/wp\/v2\/posts"}],"about":[{"href":"https:\/\/abet.com.br\/abet\/wp-json\/wp\/v2\/types\/post"}],"author":[{"embeddable":true,"href":"https:\/\/abet.com.br\/abet\/wp-json\/wp\/v2\/users\/8"}],"replies":[{"embeddable":true,"href":"https:\/\/abet.com.br\/abet\/wp-json\/wp\/v2\/comments?post=4020"}],"version-history":[{"count":4,"href":"https:\/\/abet.com.br\/abet\/wp-json\/wp\/v2\/posts\/4020\/revisions"}],"predecessor-version":[{"id":4028,"href":"https:\/\/abet.com.br\/abet\/wp-json\/wp\/v2\/posts\/4020\/revisions\/4028"}],"wp:featuredmedia":[{"embeddable":true,"href":"https:\/\/abet.com.br\/abet\/wp-json\/wp\/v2\/media\/4021"}],"wp:attachment":[{"href":"https:\/\/abet.com.br\/abet\/wp-json\/wp\/v2\/media?parent=4020"}],"wp:term":[{"taxonomy":"category","embeddable":true,"href":"https:\/\/abet.com.br\/abet\/wp-json\/wp\/v2\/categories?post=4020"},{"taxonomy":"post_tag","embeddable":true,"href":"https:\/\/abet.com.br\/abet\/wp-json\/wp\/v2\/tags?post=4020"}],"curies":[{"name":"wp","href":"https:\/\/api.w.org\/{rel}","templated":true}]}}