
{"id":3956,"date":"2022-07-20T15:03:14","date_gmt":"2022-07-20T18:03:14","guid":{"rendered":"https:\/\/abet.com.br\/abet\/?p=3956"},"modified":"2022-07-20T15:03:14","modified_gmt":"2022-07-20T18:03:14","slug":"abet-beneficios-reajuste-2022","status":"publish","type":"post","link":"https:\/\/abet.com.br\/abet\/abet-beneficios-reajuste-2022\/","title":{"rendered":"ABET Benef\u00edcios Reajuste 2022"},"content":{"rendered":"<p>[et_pb_section fb_built=&#8221;1&#8243; fullwidth=&#8221;on&#8221; _builder_version=&#8221;4.16&#8243; global_colors_info=&#8221;{}&#8221;][et_pb_fullwidth_post_title meta=&#8221;off&#8221; featured_placement=&#8221;background&#8221; text_color=&#8221;light&#8221; text_background=&#8221;on&#8221; text_bg_color=&#8221;rgba(172,194,225,0.82)&#8221; _builder_version=&#8221;4.16&#8243; title_font=&#8221;||||||||&#8221; title_font_size=&#8221;36px&#8221; meta_font=&#8221;||||||||&#8221; custom_padding=&#8221;250px||0px&#8221; global_colors_info=&#8221;{}&#8221;][\/et_pb_fullwidth_post_title][\/et_pb_section][et_pb_section fb_built=&#8221;1&#8243; _builder_version=&#8221;4.16&#8243; custom_padding=&#8221;6px|0px|2px|0px|false|false&#8221; global_colors_info=&#8221;{}&#8221;][et_pb_row _builder_version=&#8221;4.16&#8243; custom_padding=&#8221;27px|195px|0|195px|false|false&#8221; global_colors_info=&#8221;{}&#8221;][et_pb_column type=&#8221;4_4&#8243; _builder_version=&#8221;4.16&#8243; custom_padding=&#8221;|||&#8221; global_colors_info=&#8221;{}&#8221; custom_padding__hover=&#8221;|||&#8221;][et_pb_text _builder_version=&#8221;4.16&#8243; global_colors_info=&#8221;{}&#8221;]<\/p>\n<h4>Como \u00e9 de conhecimento dos associados, anualmente as contas s\u00e3o reajustadas levando em considera\u00e7\u00e3o as receitas obtidas com as mensalidades, infla\u00e7\u00e3o geral e aumento da utiliza\u00e7\u00e3o dos subs\u00eddios de farm\u00e1cia, impactados pela alta de 20,95% nos pre\u00e7os dos medicamentos entre 2021-2022.<\/h4>\n<p>&nbsp;<\/p>\n<h4>Com o objetivo de promover o equil\u00edbrio da ABET e preservar os benef\u00edcios j\u00e1 oferecidos, a partir de 1\u00b0 de agosto de 2022 os valores das mensalidades ser\u00e3o atualizados em <strong>11,30%<\/strong> com base na m\u00e9dia de \u00edndices da infla\u00e7\u00e3o.<\/h4>\n<p>&nbsp;<\/p>\n<h4>Nestas condi\u00e7\u00f5es, informamos o valor da mensalidade a vigorar a partir 01\/08\/2022.<\/h4>\n<p>&nbsp;<\/p>\n<p>&nbsp;<\/p>\n<table width=\"541\" height=\"808\">\n<tbody>\n<tr>\n<td style=\"width: 316.922px;\">\n<p><strong>Associado<\/strong><\/p>\n<\/td>\n<td style=\"width: 342.469px;\">\n<p><strong>Mensalidade com Reajuste <\/strong><\/p>\n<\/td>\n<\/tr>\n<tr>\n<td style=\"width: 316.922px;\">\n<p>Titular<\/p>\n<\/td>\n<td style=\"width: 342.469px;\">\n<p><strong>R$ 42,51<\/strong><\/p>\n<\/td>\n<\/tr>\n<tr>\n<td style=\"width: 316.922px;\">\n<p>1\u00ba dependente<\/p>\n<\/td>\n<td style=\"width: 342.469px;\">\n<p><strong>R$ 34,04<\/strong><\/p>\n<\/td>\n<\/tr>\n<tr>\n<td style=\"width: 316.922px;\">\n<p>2\u00ba dep. em diante<\/p>\n<\/td>\n<td style=\"width: 342.469px;\">\n<p><strong>R$ 27,64<\/strong><\/p>\n<\/td>\n<\/tr>\n<tr>\n<td style=\"width: 316.922px;\">\n<p>Colaborativo<\/p>\n<\/td>\n<td style=\"width: 342.469px;\">\n<p><strong>R$ 19,02<\/strong><\/p>\n<\/td>\n<\/tr>\n<tr>\n<td colspan=\"2\" style=\"width: 659.391px;\">\n<p><strong>\u00a0<\/strong><\/p>\n<\/td>\n<\/tr>\n<tr>\n<td style=\"width: 316.922px;\">\n<p><strong>Agregado<\/strong><\/p>\n<\/td>\n<td style=\"width: 342.469px;\">\n<p><strong>\u00a0<\/strong><\/p>\n<\/td>\n<\/tr>\n<tr>\n<td style=\"width: 316.922px;\">\n<p>At\u00e9 18<\/p>\n<\/td>\n<td style=\"width: 342.469px;\">\n<p><strong>R$ 42,92<\/strong><\/p>\n<\/td>\n<\/tr>\n<tr>\n<td style=\"width: 316.922px;\">\n<p>19 a 23<\/p>\n<\/td>\n<td style=\"width: 342.469px;\">\n<p><strong>R$ 53,11<\/strong><\/p>\n<\/td>\n<\/tr>\n<tr>\n<td style=\"width: 316.922px;\">\n<p>24 a 28<\/p>\n<\/td>\n<td style=\"width: 342.469px;\">\n<p><strong>R$ 59,97<\/strong><\/p>\n<\/td>\n<\/tr>\n<tr>\n<td style=\"width: 316.922px;\">\n<p>29 a 33<\/p>\n<\/td>\n<td style=\"width: 342.469px;\">\n<p><strong>R$ 70,74<\/strong><\/p>\n<\/td>\n<\/tr>\n<tr>\n<td style=\"width: 316.922px;\">\n<p>34 a 38<\/p>\n<\/td>\n<td style=\"width: 342.469px;\">\n<p><strong>R$ 83,40<\/strong><\/p>\n<\/td>\n<\/tr>\n<tr>\n<td style=\"width: 316.922px;\">\n<p>39 a 43<\/p>\n<\/td>\n<td style=\"width: 342.469px;\">\n<p><strong>R$ 118,56<\/strong><\/p>\n<\/td>\n<\/tr>\n<tr>\n<td style=\"width: 316.922px;\">\n<p>44 a 48<\/p>\n<\/td>\n<td style=\"width: 342.469px;\">\n<p><strong>R$ 148,35<\/strong><\/p>\n<\/td>\n<\/tr>\n<tr>\n<td style=\"width: 316.922px;\">\n<p>49 a 53<\/p>\n<\/td>\n<td style=\"width: 342.469px;\">\n<p><strong>R$ 171,08<\/strong><\/p>\n<\/td>\n<\/tr>\n<tr>\n<td style=\"width: 316.922px;\">\n<p>54 a 58<\/p>\n<\/td>\n<td style=\"width: 342.469px;\">\n<p><strong>R$ 196,08<\/strong><\/p>\n<\/td>\n<\/tr>\n<tr>\n<td style=\"width: 316.922px;\">\n<p>A partir de 59<\/p>\n<\/td>\n<td style=\"width: 342.469px;\">\n<p><strong>R$ 225,48<\/strong><\/p>\n<\/td>\n<\/tr>\n<\/tbody>\n<\/table>\n<p>&nbsp;<\/p>\n<h4>\u00a0<\/h4>\n<h4>Agradecemos a aten\u00e7\u00e3o e colocamo-nos \u00e0 disposi\u00e7\u00e3o atrav\u00e9s da nossa Central de Atendimento 08000 111 777, dispon\u00edvel de segunda a sexta das 9h \u00e0s 17:00, exceto feriados, ou atrav\u00e9s do endere\u00e7o eletr\u00f4nico <a href=\"mailto:abet@abet.com.br\">abet@abet.com.br<\/a>\u00a0<\/h4>\n<p><strong><\/strong><\/p>\n<p>[\/et_pb_text][\/et_pb_column][\/et_pb_row][\/et_pb_section][et_pb_section fb_built=&#8221;1&#8243; theme_builder_area=&#8221;post_content&#8221; _builder_version=&#8221;4.17.0&#8243; _module_preset=&#8221;default&#8221; hover_enabled=&#8221;0&#8243; sticky_enabled=&#8221;0&#8243;][\/et_pb_section][et_pb_section fb_built=&#8221;1&#8243; theme_builder_area=&#8221;post_content&#8221; _builder_version=&#8221;4.17.0&#8243; _module_preset=&#8221;default&#8221; hover_enabled=&#8221;0&#8243; sticky_enabled=&#8221;0&#8243;][et_pb_row _builder_version=&#8221;4.17.0&#8243; _module_preset=&#8221;default&#8221; theme_builder_area=&#8221;post_content&#8221;][et_pb_column _builder_version=&#8221;4.17.0&#8243; _module_preset=&#8221;default&#8221; type=&#8221;4_4&#8243; theme_builder_area=&#8221;post_content&#8221;][\/et_pb_column][\/et_pb_row][\/et_pb_section]<\/p>\n","protected":false},"excerpt":{"rendered":"<p>Como \u00e9 de conhecimento dos associados, anualmente as contas s\u00e3o reajustadas levando em considera\u00e7\u00e3o as receitas obtidas com as mensalidades, infla\u00e7\u00e3o geral e aumento da utiliza\u00e7\u00e3o dos subs\u00eddios de farm\u00e1cia, impactados pela alta de 20,95% nos pre\u00e7os dos medicamentos entre 2021-2022. &nbsp; Com o objetivo de promover o equil\u00edbrio da ABET e preservar os benef\u00edcios [&hellip;]<\/p>\n","protected":false},"author":8,"featured_media":3957,"comment_status":"closed","ping_status":"open","sticky":false,"template":"","format":"standard","meta":{"_et_pb_use_builder":"on","_et_pb_old_content":"","_et_gb_content_width":"","_mi_skip_tracking":false},"categories":[10],"tags":[],"yoast_head":"<!-- This site is optimized with the Yoast SEO plugin v18.5.1 - https:\/\/yoast.com\/wordpress\/plugins\/seo\/ -->\r\n<title>ABET - Reajuste no valor da mensalidade ABET Benef\u00edcios 2022<\/title>\r\n<meta name=\"description\" content=\"Acesse o nosso site para conferir a nova mensalidade para os Associados ABET. As novas mensalidades entrar\u00e1 em vigor a partir de 1\u00b0 de agosto de 2022. %\" \/>\r\n<meta name=\"robots\" content=\"index, follow, max-snippet:-1, max-image-preview:large, max-video-preview:-1\" \/>\r\n<link rel=\"canonical\" href=\"https:\/\/abet.com.br\/abet\/abet-beneficios-reajuste-2022\/\" \/>\r\n<meta property=\"og:locale\" content=\"pt_BR\" \/>\r\n<meta property=\"og:type\" content=\"article\" \/>\r\n<meta property=\"og:title\" content=\"ABET - Reajuste no valor da mensalidade ABET Benef\u00edcios 2022\" \/>\r\n<meta property=\"og:description\" content=\"Acesse o nosso site para conferir a nova mensalidade para os Associados ABET. As novas mensalidades entrar\u00e1 em vigor a partir de 1\u00b0 de agosto de 2022. %\" \/>\r\n<meta property=\"og:url\" content=\"https:\/\/abet.com.br\/abet\/abet-beneficios-reajuste-2022\/\" \/>\r\n<meta property=\"og:site_name\" content=\"ABET\" \/>\r\n<meta property=\"article:published_time\" content=\"2022-07-20T18:03:14+00:00\" \/>\r\n<meta property=\"og:image\" content=\"https:\/\/abet.com.br\/abet\/wp-content\/uploads\/2022\/07\/Imagem-scaled.jpg\" \/>\r\n\t<meta property=\"og:image:width\" content=\"2560\" \/>\r\n\t<meta property=\"og:image:height\" content=\"1440\" \/>\r\n\t<meta property=\"og:image:type\" content=\"image\/jpeg\" \/>\r\n<meta name=\"twitter:card\" content=\"summary_large_image\" \/>\r\n<meta name=\"twitter:label1\" content=\"Written by\" \/>\n\t<meta name=\"twitter:data1\" content=\"ABET\" \/>\n\t<meta name=\"twitter:label2\" content=\"Est. reading time\" \/>\n\t<meta name=\"twitter:data2\" content=\"1 minuto\" \/>\r\n<script type=\"application\/ld+json\" class=\"yoast-schema-graph\">{\"@context\":\"https:\/\/schema.org\",\"@graph\":[{\"@type\":\"WebSite\",\"@id\":\"https:\/\/abet.com.br\/abet\/#website\",\"url\":\"https:\/\/abet.com.br\/abet\/\",\"name\":\"ABET\",\"description\":\"Associa\u00e7\u00e3o Brasileira dos Empregados em Telecomunica\u00e7\u00f5es.\",\"potentialAction\":[{\"@type\":\"SearchAction\",\"target\":{\"@type\":\"EntryPoint\",\"urlTemplate\":\"https:\/\/abet.com.br\/abet\/?s={search_term_string}\"},\"query-input\":\"required name=search_term_string\"}],\"inLanguage\":\"pt-BR\"},{\"@type\":\"ImageObject\",\"@id\":\"https:\/\/abet.com.br\/abet\/abet-beneficios-reajuste-2022\/#primaryimage\",\"inLanguage\":\"pt-BR\",\"url\":\"https:\/\/abet.com.br\/abet\/wp-content\/uploads\/2022\/07\/Imagem-scaled.jpg\",\"contentUrl\":\"https:\/\/abet.com.br\/abet\/wp-content\/uploads\/2022\/07\/Imagem-scaled.jpg\",\"width\":2560,\"height\":1440},{\"@type\":\"WebPage\",\"@id\":\"https:\/\/abet.com.br\/abet\/abet-beneficios-reajuste-2022\/#webpage\",\"url\":\"https:\/\/abet.com.br\/abet\/abet-beneficios-reajuste-2022\/\",\"name\":\"ABET - Reajuste no valor da mensalidade ABET Benef\u00edcios 2022\",\"isPartOf\":{\"@id\":\"https:\/\/abet.com.br\/abet\/#website\"},\"primaryImageOfPage\":{\"@id\":\"https:\/\/abet.com.br\/abet\/abet-beneficios-reajuste-2022\/#primaryimage\"},\"datePublished\":\"2022-07-20T18:03:14+00:00\",\"dateModified\":\"2022-07-20T18:03:14+00:00\",\"author\":{\"@id\":\"https:\/\/abet.com.br\/abet\/#\/schema\/person\/17d631a7ea0087a67036423faa24e62d\"},\"description\":\"Acesse o nosso site para conferir a nova mensalidade para os Associados ABET. As novas mensalidades entrar\u00e1 em vigor a partir de 1\u00b0 de agosto de 2022. %\",\"breadcrumb\":{\"@id\":\"https:\/\/abet.com.br\/abet\/abet-beneficios-reajuste-2022\/#breadcrumb\"},\"inLanguage\":\"pt-BR\",\"potentialAction\":[{\"@type\":\"ReadAction\",\"target\":[\"https:\/\/abet.com.br\/abet\/abet-beneficios-reajuste-2022\/\"]}]},{\"@type\":\"BreadcrumbList\",\"@id\":\"https:\/\/abet.com.br\/abet\/abet-beneficios-reajuste-2022\/#breadcrumb\",\"itemListElement\":[{\"@type\":\"ListItem\",\"position\":1,\"name\":\"Home\",\"item\":\"https:\/\/abet.com.br\/abet\/\"},{\"@type\":\"ListItem\",\"position\":2,\"name\":\"ABET Benef\u00edcios Reajuste 2022\"}]},{\"@type\":\"Person\",\"@id\":\"https:\/\/abet.com.br\/abet\/#\/schema\/person\/17d631a7ea0087a67036423faa24e62d\",\"name\":\"ABET\",\"image\":{\"@type\":\"ImageObject\",\"@id\":\"https:\/\/abet.com.br\/abet\/#personlogo\",\"inLanguage\":\"pt-BR\",\"url\":\"https:\/\/secure.gravatar.com\/avatar\/45949b3f4e9e12451f0ffb0b2036ecbc?s=96&d=mm&r=g\",\"contentUrl\":\"https:\/\/secure.gravatar.com\/avatar\/45949b3f4e9e12451f0ffb0b2036ecbc?s=96&d=mm&r=g\",\"caption\":\"ABET\"},\"url\":\"https:\/\/abet.com.br\/abet\/author\/abet22\/\"}]}<\/script>\r\n<!-- \/ Yoast SEO plugin. -->","yoast_head_json":{"title":"ABET - Reajuste no valor da mensalidade ABET Benef\u00edcios 2022","description":"Acesse o nosso site para conferir a nova mensalidade para os Associados ABET. As novas mensalidades entrar\u00e1 em vigor a partir de 1\u00b0 de agosto de 2022. %","robots":{"index":"index","follow":"follow","max-snippet":"max-snippet:-1","max-image-preview":"max-image-preview:large","max-video-preview":"max-video-preview:-1"},"canonical":"https:\/\/abet.com.br\/abet\/abet-beneficios-reajuste-2022\/","og_locale":"pt_BR","og_type":"article","og_title":"ABET - Reajuste no valor da mensalidade ABET Benef\u00edcios 2022","og_description":"Acesse o nosso site para conferir a nova mensalidade para os Associados ABET. As novas mensalidades entrar\u00e1 em vigor a partir de 1\u00b0 de agosto de 2022. %","og_url":"https:\/\/abet.com.br\/abet\/abet-beneficios-reajuste-2022\/","og_site_name":"ABET","article_published_time":"2022-07-20T18:03:14+00:00","og_image":[{"width":2560,"height":1440,"url":"https:\/\/abet.com.br\/abet\/wp-content\/uploads\/2022\/07\/Imagem-scaled.jpg","type":"image\/jpeg"}],"twitter_card":"summary_large_image","twitter_misc":{"Written by":"ABET","Est. reading time":"1 minuto"},"schema":{"@context":"https:\/\/schema.org","@graph":[{"@type":"WebSite","@id":"https:\/\/abet.com.br\/abet\/#website","url":"https:\/\/abet.com.br\/abet\/","name":"ABET","description":"Associa\u00e7\u00e3o Brasileira dos Empregados em Telecomunica\u00e7\u00f5es.","potentialAction":[{"@type":"SearchAction","target":{"@type":"EntryPoint","urlTemplate":"https:\/\/abet.com.br\/abet\/?s={search_term_string}"},"query-input":"required name=search_term_string"}],"inLanguage":"pt-BR"},{"@type":"ImageObject","@id":"https:\/\/abet.com.br\/abet\/abet-beneficios-reajuste-2022\/#primaryimage","inLanguage":"pt-BR","url":"https:\/\/abet.com.br\/abet\/wp-content\/uploads\/2022\/07\/Imagem-scaled.jpg","contentUrl":"https:\/\/abet.com.br\/abet\/wp-content\/uploads\/2022\/07\/Imagem-scaled.jpg","width":2560,"height":1440},{"@type":"WebPage","@id":"https:\/\/abet.com.br\/abet\/abet-beneficios-reajuste-2022\/#webpage","url":"https:\/\/abet.com.br\/abet\/abet-beneficios-reajuste-2022\/","name":"ABET - Reajuste no valor da mensalidade ABET Benef\u00edcios 2022","isPartOf":{"@id":"https:\/\/abet.com.br\/abet\/#website"},"primaryImageOfPage":{"@id":"https:\/\/abet.com.br\/abet\/abet-beneficios-reajuste-2022\/#primaryimage"},"datePublished":"2022-07-20T18:03:14+00:00","dateModified":"2022-07-20T18:03:14+00:00","author":{"@id":"https:\/\/abet.com.br\/abet\/#\/schema\/person\/17d631a7ea0087a67036423faa24e62d"},"description":"Acesse o nosso site para conferir a nova mensalidade para os Associados ABET. As novas mensalidades entrar\u00e1 em vigor a partir de 1\u00b0 de agosto de 2022. %","breadcrumb":{"@id":"https:\/\/abet.com.br\/abet\/abet-beneficios-reajuste-2022\/#breadcrumb"},"inLanguage":"pt-BR","potentialAction":[{"@type":"ReadAction","target":["https:\/\/abet.com.br\/abet\/abet-beneficios-reajuste-2022\/"]}]},{"@type":"BreadcrumbList","@id":"https:\/\/abet.com.br\/abet\/abet-beneficios-reajuste-2022\/#breadcrumb","itemListElement":[{"@type":"ListItem","position":1,"name":"Home","item":"https:\/\/abet.com.br\/abet\/"},{"@type":"ListItem","position":2,"name":"ABET Benef\u00edcios Reajuste 2022"}]},{"@type":"Person","@id":"https:\/\/abet.com.br\/abet\/#\/schema\/person\/17d631a7ea0087a67036423faa24e62d","name":"ABET","image":{"@type":"ImageObject","@id":"https:\/\/abet.com.br\/abet\/#personlogo","inLanguage":"pt-BR","url":"https:\/\/secure.gravatar.com\/avatar\/45949b3f4e9e12451f0ffb0b2036ecbc?s=96&d=mm&r=g","contentUrl":"https:\/\/secure.gravatar.com\/avatar\/45949b3f4e9e12451f0ffb0b2036ecbc?s=96&d=mm&r=g","caption":"ABET"},"url":"https:\/\/abet.com.br\/abet\/author\/abet22\/"}]}},"_links":{"self":[{"href":"https:\/\/abet.com.br\/abet\/wp-json\/wp\/v2\/posts\/3956"}],"collection":[{"href":"https:\/\/abet.com.br\/abet\/wp-json\/wp\/v2\/posts"}],"about":[{"href":"https:\/\/abet.com.br\/abet\/wp-json\/wp\/v2\/types\/post"}],"author":[{"embeddable":true,"href":"https:\/\/abet.com.br\/abet\/wp-json\/wp\/v2\/users\/8"}],"replies":[{"embeddable":true,"href":"https:\/\/abet.com.br\/abet\/wp-json\/wp\/v2\/comments?post=3956"}],"version-history":[{"count":2,"href":"https:\/\/abet.com.br\/abet\/wp-json\/wp\/v2\/posts\/3956\/revisions"}],"predecessor-version":[{"id":3961,"href":"https:\/\/abet.com.br\/abet\/wp-json\/wp\/v2\/posts\/3956\/revisions\/3961"}],"wp:featuredmedia":[{"embeddable":true,"href":"https:\/\/abet.com.br\/abet\/wp-json\/wp\/v2\/media\/3957"}],"wp:attachment":[{"href":"https:\/\/abet.com.br\/abet\/wp-json\/wp\/v2\/media?parent=3956"}],"wp:term":[{"taxonomy":"category","embeddable":true,"href":"https:\/\/abet.com.br\/abet\/wp-json\/wp\/v2\/categories?post=3956"},{"taxonomy":"post_tag","embeddable":true,"href":"https:\/\/abet.com.br\/abet\/wp-json\/wp\/v2\/tags?post=3956"}],"curies":[{"name":"wp","href":"https:\/\/api.w.org\/{rel}","templated":true}]}}