
{"id":3318,"date":"2021-09-16T10:07:41","date_gmt":"2021-09-16T13:07:41","guid":{"rendered":"https:\/\/abet.com.br\/abet\/?p=3318"},"modified":"2021-09-16T10:44:25","modified_gmt":"2021-09-16T13:44:25","slug":"alteracao-da-operadora-do-plano-odontologico","status":"publish","type":"post","link":"https:\/\/abet.com.br\/abet\/alteracao-da-operadora-do-plano-odontologico\/","title":{"rendered":"Altera\u00e7\u00e3o da Operadora do Plano Odontol\u00f3gico"},"content":{"rendered":"<p>[et_pb_section fb_built=&#8221;1&#8243; fullwidth=&#8221;on&#8221; _builder_version=&#8221;3.20.2&#8243;][et_pb_fullwidth_post_title meta=&#8221;off&#8221; featured_placement=&#8221;background&#8221; text_color=&#8221;light&#8221; text_background=&#8221;on&#8221; text_bg_color=&#8221;rgba(172,194,225,0.82)&#8221; _builder_version=&#8221;3.21.1&#8243; title_font=&#8221;||||||||&#8221; title_font_size=&#8221;36px&#8221; meta_font=&#8221;||||||||&#8221; custom_padding=&#8221;250px||0px&#8221;][\/et_pb_fullwidth_post_title][\/et_pb_section][et_pb_section fb_built=&#8221;1&#8243; _builder_version=&#8221;3.20.2&#8243; custom_padding=&#8221;6px|0px|2px|0px|false|false&#8221;][et_pb_row custom_padding=&#8221;27px|0px|0|0px|false|false&#8221; _builder_version=&#8221;3.20.2&#8243;][et_pb_column type=&#8221;4_4&#8243; _builder_version=&#8221;3.20.2&#8243;][et_pb_text _builder_version=&#8221;3.21.1&#8243;]<\/p>\n<p><span style=\"font-size: large;\">ABET ampliou a parceira com a MetLife Dental, operadora esta que j\u00e1 auxilia alguns benefici\u00e1rios da ABET desde 2018. <\/span><\/p>\n<p><span style=\"font-size: large;\">O Objetivo desta amplia\u00e7\u00e3o foi entregar mais benef\u00edcios aos seus Associados, bem como de melhorar a qualidade destes, garantindo uma ampla cobertura na \u00e1rea odontol\u00f3gica para os benefici\u00e1rios do plano odontol\u00f3gico. <\/span><\/p>\n<p><span style=\"font-size: large;\">Devido a algumas reclama\u00e7\u00f5es que a ABET teve na presta\u00e7\u00e3o dos servi\u00e7os da Uniodonto, decidiu-se alterar a Operadora do plano odontol\u00f3gico, o qual ser\u00e1 prestado pela MetLife Dental a partir do dia 01.09.2021.<\/span><\/p>\n<p><strong><\/strong><\/p>\n<p>[\/et_pb_text][et_pb_button button_url=&#8221;https:\/\/abet.com.br\/abet\/wp-content\/uploads\/2021\/09\/Carta_Altera\u00e7\u00e3o-da-operadora-do-plano-odontol\u00f3gico.pdf&#8221; url_new_window=&#8221;on&#8221; button_text=&#8221;Comunicado via carta&#8221; _builder_version=&#8221;3.21.1&#8243; custom_button=&#8221;on&#8221; button_text_size=&#8221;19px&#8221; button_border_width=&#8221;3px&#8221; button_border_radius=&#8221;2px&#8221; button_letter_spacing=&#8221;0px&#8221; button_font=&#8221;||||||||&#8221; button_icon_color=&#8221;#ffffff&#8221; button_text_shadow_style=&#8221;preset3&#8243; button_text_shadow_vertical_length=&#8221;0.14em&#8221;][\/et_pb_button][\/et_pb_column][\/et_pb_row][\/et_pb_section]<\/p>\n","protected":false},"excerpt":{"rendered":"<p>ABET ampliou a parceira com a MetLife Dental, operadora esta que j\u00e1 auxilia alguns benefici\u00e1rios da ABET desde 2018. O Objetivo desta amplia\u00e7\u00e3o foi entregar mais benef\u00edcios aos seus Associados, bem como de melhorar a qualidade destes, garantindo uma ampla cobertura na \u00e1rea odontol\u00f3gica para os benefici\u00e1rios do plano odontol\u00f3gico. Devido a algumas reclama\u00e7\u00f5es que [&hellip;]<\/p>\n","protected":false},"author":2,"featured_media":3398,"comment_status":"closed","ping_status":"open","sticky":false,"template":"","format":"standard","meta":{"_et_pb_use_builder":"on","_et_pb_old_content":"","_et_gb_content_width":"","_mi_skip_tracking":false},"categories":[10],"tags":[],"yoast_head":"<!-- This site is optimized with the Yoast SEO plugin v18.5.1 - https:\/\/yoast.com\/wordpress\/plugins\/seo\/ -->\r\n<title>ABET - Reajuste no valor da mensalidade ABET Benef\u00edcios 2021<\/title>\r\n<meta name=\"description\" content=\"Acesse o nosso site para conferir a nova mensalidade para os associados ABET. As novas mensalidades entrar\u00e1 em vigor a partir de 1\u00b0 de setembro de 2021.\" \/>\r\n<meta name=\"robots\" content=\"index, follow, max-snippet:-1, max-image-preview:large, max-video-preview:-1\" \/>\r\n<link rel=\"canonical\" href=\"https:\/\/abet.com.br\/abet\/alteracao-da-operadora-do-plano-odontologico\/\" \/>\r\n<meta property=\"og:locale\" content=\"pt_BR\" \/>\r\n<meta property=\"og:type\" content=\"article\" \/>\r\n<meta property=\"og:title\" content=\"ABET - Reajuste no valor da mensalidade ABET Benef\u00edcios 2021\" \/>\r\n<meta property=\"og:description\" content=\"Acesse o nosso site para conferir a nova mensalidade para os associados ABET. As novas mensalidades entrar\u00e1 em vigor a partir de 1\u00b0 de setembro de 2021.\" \/>\r\n<meta property=\"og:url\" content=\"https:\/\/abet.com.br\/abet\/alteracao-da-operadora-do-plano-odontologico\/\" \/>\r\n<meta property=\"og:site_name\" content=\"ABET\" \/>\r\n<meta property=\"article:published_time\" content=\"2021-09-16T13:07:41+00:00\" \/>\r\n<meta property=\"article:modified_time\" content=\"2021-09-16T13:44:25+00:00\" \/>\r\n<meta property=\"og:image\" content=\"https:\/\/abet.com.br\/abet\/wp-content\/uploads\/2021\/09\/Odonto-01.png\" \/>\r\n\t<meta property=\"og:image:width\" content=\"800\" \/>\r\n\t<meta property=\"og:image:height\" content=\"1200\" \/>\r\n\t<meta property=\"og:image:type\" content=\"image\/png\" \/>\r\n<meta name=\"twitter:card\" content=\"summary_large_image\" \/>\r\n<meta name=\"twitter:label1\" content=\"Written by\" \/>\n\t<meta name=\"twitter:data1\" content=\"abet\" \/>\n\t<meta name=\"twitter:label2\" content=\"Est. reading time\" \/>\n\t<meta name=\"twitter:data2\" content=\"1 minuto\" \/>\r\n<script type=\"application\/ld+json\" class=\"yoast-schema-graph\">{\"@context\":\"https:\/\/schema.org\",\"@graph\":[{\"@type\":\"WebSite\",\"@id\":\"https:\/\/abet.com.br\/abet\/#website\",\"url\":\"https:\/\/abet.com.br\/abet\/\",\"name\":\"ABET\",\"description\":\"Associa\u00e7\u00e3o Brasileira dos Empregados em Telecomunica\u00e7\u00f5es.\",\"potentialAction\":[{\"@type\":\"SearchAction\",\"target\":{\"@type\":\"EntryPoint\",\"urlTemplate\":\"https:\/\/abet.com.br\/abet\/?s={search_term_string}\"},\"query-input\":\"required name=search_term_string\"}],\"inLanguage\":\"pt-BR\"},{\"@type\":\"ImageObject\",\"@id\":\"https:\/\/abet.com.br\/abet\/alteracao-da-operadora-do-plano-odontologico\/#primaryimage\",\"inLanguage\":\"pt-BR\",\"url\":\"https:\/\/abet.com.br\/abet\/wp-content\/uploads\/2021\/09\/Odonto-01.png\",\"contentUrl\":\"https:\/\/abet.com.br\/abet\/wp-content\/uploads\/2021\/09\/Odonto-01.png\",\"width\":800,\"height\":1200},{\"@type\":\"WebPage\",\"@id\":\"https:\/\/abet.com.br\/abet\/alteracao-da-operadora-do-plano-odontologico\/#webpage\",\"url\":\"https:\/\/abet.com.br\/abet\/alteracao-da-operadora-do-plano-odontologico\/\",\"name\":\"ABET - Reajuste no valor da mensalidade ABET Benef\u00edcios 2021\",\"isPartOf\":{\"@id\":\"https:\/\/abet.com.br\/abet\/#website\"},\"primaryImageOfPage\":{\"@id\":\"https:\/\/abet.com.br\/abet\/alteracao-da-operadora-do-plano-odontologico\/#primaryimage\"},\"datePublished\":\"2021-09-16T13:07:41+00:00\",\"dateModified\":\"2021-09-16T13:44:25+00:00\",\"author\":{\"@id\":\"https:\/\/abet.com.br\/abet\/#\/schema\/person\/97b90fe71ab7e4b6f793a851e7244921\"},\"description\":\"Acesse o nosso site para conferir a nova mensalidade para os associados ABET. As novas mensalidades entrar\u00e1 em vigor a partir de 1\u00b0 de setembro de 2021.\",\"breadcrumb\":{\"@id\":\"https:\/\/abet.com.br\/abet\/alteracao-da-operadora-do-plano-odontologico\/#breadcrumb\"},\"inLanguage\":\"pt-BR\",\"potentialAction\":[{\"@type\":\"ReadAction\",\"target\":[\"https:\/\/abet.com.br\/abet\/alteracao-da-operadora-do-plano-odontologico\/\"]}]},{\"@type\":\"BreadcrumbList\",\"@id\":\"https:\/\/abet.com.br\/abet\/alteracao-da-operadora-do-plano-odontologico\/#breadcrumb\",\"itemListElement\":[{\"@type\":\"ListItem\",\"position\":1,\"name\":\"Home\",\"item\":\"https:\/\/abet.com.br\/abet\/\"},{\"@type\":\"ListItem\",\"position\":2,\"name\":\"Altera\u00e7\u00e3o da Operadora do Plano Odontol\u00f3gico\"}]},{\"@type\":\"Person\",\"@id\":\"https:\/\/abet.com.br\/abet\/#\/schema\/person\/97b90fe71ab7e4b6f793a851e7244921\",\"name\":\"abet\",\"image\":{\"@type\":\"ImageObject\",\"@id\":\"https:\/\/abet.com.br\/abet\/#personlogo\",\"inLanguage\":\"pt-BR\",\"url\":\"https:\/\/secure.gravatar.com\/avatar\/8d1a3f8b585e56cdc9ba5e38d6a0590b?s=96&d=mm&r=g\",\"contentUrl\":\"https:\/\/secure.gravatar.com\/avatar\/8d1a3f8b585e56cdc9ba5e38d6a0590b?s=96&d=mm&r=g\",\"caption\":\"abet\"},\"url\":\"https:\/\/abet.com.br\/abet\/author\/abet\/\"}]}<\/script>\r\n<!-- \/ Yoast SEO plugin. -->","yoast_head_json":{"title":"ABET - Reajuste no valor da mensalidade ABET Benef\u00edcios 2021","description":"Acesse o nosso site para conferir a nova mensalidade para os associados ABET. As novas mensalidades entrar\u00e1 em vigor a partir de 1\u00b0 de setembro de 2021.","robots":{"index":"index","follow":"follow","max-snippet":"max-snippet:-1","max-image-preview":"max-image-preview:large","max-video-preview":"max-video-preview:-1"},"canonical":"https:\/\/abet.com.br\/abet\/alteracao-da-operadora-do-plano-odontologico\/","og_locale":"pt_BR","og_type":"article","og_title":"ABET - Reajuste no valor da mensalidade ABET Benef\u00edcios 2021","og_description":"Acesse o nosso site para conferir a nova mensalidade para os associados ABET. As novas mensalidades entrar\u00e1 em vigor a partir de 1\u00b0 de setembro de 2021.","og_url":"https:\/\/abet.com.br\/abet\/alteracao-da-operadora-do-plano-odontologico\/","og_site_name":"ABET","article_published_time":"2021-09-16T13:07:41+00:00","article_modified_time":"2021-09-16T13:44:25+00:00","og_image":[{"width":800,"height":1200,"url":"https:\/\/abet.com.br\/abet\/wp-content\/uploads\/2021\/09\/Odonto-01.png","type":"image\/png"}],"twitter_card":"summary_large_image","twitter_misc":{"Written by":"abet","Est. reading time":"1 minuto"},"schema":{"@context":"https:\/\/schema.org","@graph":[{"@type":"WebSite","@id":"https:\/\/abet.com.br\/abet\/#website","url":"https:\/\/abet.com.br\/abet\/","name":"ABET","description":"Associa\u00e7\u00e3o Brasileira dos Empregados em Telecomunica\u00e7\u00f5es.","potentialAction":[{"@type":"SearchAction","target":{"@type":"EntryPoint","urlTemplate":"https:\/\/abet.com.br\/abet\/?s={search_term_string}"},"query-input":"required name=search_term_string"}],"inLanguage":"pt-BR"},{"@type":"ImageObject","@id":"https:\/\/abet.com.br\/abet\/alteracao-da-operadora-do-plano-odontologico\/#primaryimage","inLanguage":"pt-BR","url":"https:\/\/abet.com.br\/abet\/wp-content\/uploads\/2021\/09\/Odonto-01.png","contentUrl":"https:\/\/abet.com.br\/abet\/wp-content\/uploads\/2021\/09\/Odonto-01.png","width":800,"height":1200},{"@type":"WebPage","@id":"https:\/\/abet.com.br\/abet\/alteracao-da-operadora-do-plano-odontologico\/#webpage","url":"https:\/\/abet.com.br\/abet\/alteracao-da-operadora-do-plano-odontologico\/","name":"ABET - Reajuste no valor da mensalidade ABET Benef\u00edcios 2021","isPartOf":{"@id":"https:\/\/abet.com.br\/abet\/#website"},"primaryImageOfPage":{"@id":"https:\/\/abet.com.br\/abet\/alteracao-da-operadora-do-plano-odontologico\/#primaryimage"},"datePublished":"2021-09-16T13:07:41+00:00","dateModified":"2021-09-16T13:44:25+00:00","author":{"@id":"https:\/\/abet.com.br\/abet\/#\/schema\/person\/97b90fe71ab7e4b6f793a851e7244921"},"description":"Acesse o nosso site para conferir a nova mensalidade para os associados ABET. As novas mensalidades entrar\u00e1 em vigor a partir de 1\u00b0 de setembro de 2021.","breadcrumb":{"@id":"https:\/\/abet.com.br\/abet\/alteracao-da-operadora-do-plano-odontologico\/#breadcrumb"},"inLanguage":"pt-BR","potentialAction":[{"@type":"ReadAction","target":["https:\/\/abet.com.br\/abet\/alteracao-da-operadora-do-plano-odontologico\/"]}]},{"@type":"BreadcrumbList","@id":"https:\/\/abet.com.br\/abet\/alteracao-da-operadora-do-plano-odontologico\/#breadcrumb","itemListElement":[{"@type":"ListItem","position":1,"name":"Home","item":"https:\/\/abet.com.br\/abet\/"},{"@type":"ListItem","position":2,"name":"Altera\u00e7\u00e3o da Operadora do Plano Odontol\u00f3gico"}]},{"@type":"Person","@id":"https:\/\/abet.com.br\/abet\/#\/schema\/person\/97b90fe71ab7e4b6f793a851e7244921","name":"abet","image":{"@type":"ImageObject","@id":"https:\/\/abet.com.br\/abet\/#personlogo","inLanguage":"pt-BR","url":"https:\/\/secure.gravatar.com\/avatar\/8d1a3f8b585e56cdc9ba5e38d6a0590b?s=96&d=mm&r=g","contentUrl":"https:\/\/secure.gravatar.com\/avatar\/8d1a3f8b585e56cdc9ba5e38d6a0590b?s=96&d=mm&r=g","caption":"abet"},"url":"https:\/\/abet.com.br\/abet\/author\/abet\/"}]}},"_links":{"self":[{"href":"https:\/\/abet.com.br\/abet\/wp-json\/wp\/v2\/posts\/3318"}],"collection":[{"href":"https:\/\/abet.com.br\/abet\/wp-json\/wp\/v2\/posts"}],"about":[{"href":"https:\/\/abet.com.br\/abet\/wp-json\/wp\/v2\/types\/post"}],"author":[{"embeddable":true,"href":"https:\/\/abet.com.br\/abet\/wp-json\/wp\/v2\/users\/2"}],"replies":[{"embeddable":true,"href":"https:\/\/abet.com.br\/abet\/wp-json\/wp\/v2\/comments?post=3318"}],"version-history":[{"count":11,"href":"https:\/\/abet.com.br\/abet\/wp-json\/wp\/v2\/posts\/3318\/revisions"}],"predecessor-version":[{"id":3406,"href":"https:\/\/abet.com.br\/abet\/wp-json\/wp\/v2\/posts\/3318\/revisions\/3406"}],"wp:featuredmedia":[{"embeddable":true,"href":"https:\/\/abet.com.br\/abet\/wp-json\/wp\/v2\/media\/3398"}],"wp:attachment":[{"href":"https:\/\/abet.com.br\/abet\/wp-json\/wp\/v2\/media?parent=3318"}],"wp:term":[{"taxonomy":"category","embeddable":true,"href":"https:\/\/abet.com.br\/abet\/wp-json\/wp\/v2\/categories?post=3318"},{"taxonomy":"post_tag","embeddable":true,"href":"https:\/\/abet.com.br\/abet\/wp-json\/wp\/v2\/tags?post=3318"}],"curies":[{"name":"wp","href":"https:\/\/api.w.org\/{rel}","templated":true}]}}