
{"id":3018,"date":"2021-05-05T08:22:09","date_gmt":"2021-05-05T11:22:09","guid":{"rendered":"https:\/\/abet.com.br\/abet\/?p=3018"},"modified":"2021-05-05T09:31:40","modified_gmt":"2021-05-05T12:31:40","slug":"revista-digital-abet","status":"publish","type":"post","link":"https:\/\/abet.com.br\/abet\/revista-digital-abet\/","title":{"rendered":"Revista Digital ABET"},"content":{"rendered":"<p>[et_pb_section fb_built=&#8221;1&#8243; fullwidth=&#8221;on&#8221; _builder_version=&#8221;3.21.1&#8243;][et_pb_fullwidth_post_title meta=&#8221;off&#8221; featured_placement=&#8221;background&#8221; text_color=&#8221;light&#8221; text_background=&#8221;on&#8221; text_bg_color=&#8221;rgba(172,194,225,0.82)&#8221; _builder_version=&#8221;3.21.1&#8243; title_font=&#8221;||||||||&#8221; title_font_size=&#8221;36px&#8221; meta_font=&#8221;||||||||&#8221; background_image=&#8221;https:\/\/abet.com.br\/abet\/wp-content\/uploads\/2020\/09\/Arte-Concurso-Site.png&#8221; custom_padding=&#8221;250px||0px&#8221;][\/et_pb_fullwidth_post_title][\/et_pb_section][et_pb_section fb_built=&#8221;1&#8243; _builder_version=&#8221;3.21.1&#8243; custom_padding=&#8221;0|0px|2px|0px|false|false&#8221;][et_pb_row _builder_version=&#8221;3.20.2&#8243;][et_pb_column type=&#8221;4_4&#8243; _builder_version=&#8221;3.20.2&#8243;][et_pb_text _builder_version=&#8221;3.21.1&#8243; inline_fonts=&#8221;Arial&#8221;]<\/p>\n<p><span style=\"font-family: Arial; font-weight: normal; font-size: large;\">Apresentamos a revista digital ABET, ela ser\u00e1 Bimestral e divulgada no site da ABET.<\/span><br \/><span style=\"font-family: Arial; font-weight: normal; font-size: large;\"> Informaremos todas as novidades e o que aconteceu na ABET.<\/span><br \/><span style=\"font-family: Arial; font-weight: normal; font-size: large;\"> Seus eventos, assembleias, novos benef\u00edcios, novidades e muito mais.<\/span><\/p>\n<p>[\/et_pb_text][et_pb_button button_url=&#8221;http:\/\/bit.ly\/revistaabetedicao1&#8243; url_new_window=&#8221;on&#8221; button_text=&#8221;Edi\u00e7\u00e3o 01&#8243; _builder_version=&#8221;3.21.1&#8243; custom_button=&#8221;on&#8221; button_text_color=&#8221;#003879&#8243; button_border_color=&#8221;#003879&#8243; button_font=&#8221;||||||||&#8221; button_icon=&#8221;%%209%%&#8221; button_icon_placement=&#8221;left&#8221; button_on_hover=&#8221;off&#8221; button_bg_color__hover_enabled=&#8221;on&#8221; button_bg_color__hover=&#8221;#003879&#8243; button_text_color__hover_enabled=&#8221;on&#8221; button_text_color__hover=&#8221;#ffffff&#8221;][\/et_pb_button][\/et_pb_column][\/et_pb_row][\/et_pb_section]<\/p>\n","protected":false},"excerpt":{"rendered":"<p>Apresentamos a revista digital ABET, ela ser\u00e1 Bimestral e divulgada no site da ABET.<\/p>\n","protected":false},"author":2,"featured_media":3016,"comment_status":"closed","ping_status":"open","sticky":false,"template":"","format":"standard","meta":{"_et_pb_use_builder":"on","_et_pb_old_content":"","_et_gb_content_width":"","_mi_skip_tracking":false},"categories":[10],"tags":[],"yoast_head":"<!-- This site is optimized with the Yoast SEO plugin v18.5.1 - https:\/\/yoast.com\/wordpress\/plugins\/seo\/ -->\r\n<title>ABET - Programa Emagre\u00e7a com a Mente<\/title>\r\n<meta name=\"description\" content=\"Est\u00e3o abertas as inscri\u00e7\u00f5es do 1\u00b0 PROGRAMA EMAGRE\u00c7A COM A MENTE em GRUPO. \ud83c\udf89ABET sempre visando proporcionar promo\u00e7\u00e3o \u00e0 sa\u00fade, preven\u00e7\u00e3o de doen\u00e7as e agravos, bem estar e qualidade de vida a voc\u00ea!\" \/>\r\n<meta name=\"robots\" content=\"index, follow, max-snippet:-1, max-image-preview:large, max-video-preview:-1\" \/>\r\n<link rel=\"canonical\" href=\"https:\/\/abet.com.br\/abet\/revista-digital-abet\/\" \/>\r\n<meta property=\"og:locale\" content=\"pt_BR\" \/>\r\n<meta property=\"og:type\" content=\"article\" \/>\r\n<meta property=\"og:title\" content=\"ABET - Programa Emagre\u00e7a com a Mente\" \/>\r\n<meta property=\"og:description\" content=\"Est\u00e3o abertas as inscri\u00e7\u00f5es do 1\u00b0 PROGRAMA EMAGRE\u00c7A COM A MENTE em GRUPO. \ud83c\udf89ABET sempre visando proporcionar promo\u00e7\u00e3o \u00e0 sa\u00fade, preven\u00e7\u00e3o de doen\u00e7as e agravos, bem estar e qualidade de vida a voc\u00ea!\" \/>\r\n<meta property=\"og:url\" content=\"https:\/\/abet.com.br\/abet\/revista-digital-abet\/\" \/>\r\n<meta property=\"og:site_name\" content=\"ABET\" \/>\r\n<meta property=\"article:published_time\" content=\"2021-05-05T11:22:09+00:00\" \/>\r\n<meta property=\"article:modified_time\" content=\"2021-05-05T12:31:40+00:00\" \/>\r\n<meta property=\"og:image\" content=\"https:\/\/abet.com.br\/abet\/wp-content\/uploads\/2021\/05\/Revista-Digital-1024x360.png\" \/>\r\n\t<meta property=\"og:image:width\" content=\"1024\" \/>\r\n\t<meta property=\"og:image:height\" content=\"360\" \/>\r\n\t<meta property=\"og:image:type\" content=\"image\/png\" \/>\r\n<meta name=\"twitter:card\" content=\"summary_large_image\" \/>\r\n<meta name=\"twitter:label1\" content=\"Written by\" \/>\n\t<meta name=\"twitter:data1\" content=\"abet\" \/>\n\t<meta name=\"twitter:label2\" content=\"Est. reading time\" \/>\n\t<meta name=\"twitter:data2\" content=\"1 minuto\" \/>\r\n<script type=\"application\/ld+json\" class=\"yoast-schema-graph\">{\"@context\":\"https:\/\/schema.org\",\"@graph\":[{\"@type\":\"WebSite\",\"@id\":\"https:\/\/abet.com.br\/abet\/#website\",\"url\":\"https:\/\/abet.com.br\/abet\/\",\"name\":\"ABET\",\"description\":\"Associa\u00e7\u00e3o Brasileira dos Empregados em Telecomunica\u00e7\u00f5es.\",\"potentialAction\":[{\"@type\":\"SearchAction\",\"target\":{\"@type\":\"EntryPoint\",\"urlTemplate\":\"https:\/\/abet.com.br\/abet\/?s={search_term_string}\"},\"query-input\":\"required name=search_term_string\"}],\"inLanguage\":\"pt-BR\"},{\"@type\":\"ImageObject\",\"@id\":\"https:\/\/abet.com.br\/abet\/revista-digital-abet\/#primaryimage\",\"inLanguage\":\"pt-BR\",\"url\":\"https:\/\/abet.com.br\/abet\/wp-content\/uploads\/2021\/05\/Revista-Digital.png\",\"contentUrl\":\"https:\/\/abet.com.br\/abet\/wp-content\/uploads\/2021\/05\/Revista-Digital.png\",\"width\":3000,\"height\":1055},{\"@type\":\"WebPage\",\"@id\":\"https:\/\/abet.com.br\/abet\/revista-digital-abet\/#webpage\",\"url\":\"https:\/\/abet.com.br\/abet\/revista-digital-abet\/\",\"name\":\"ABET - Programa Emagre\u00e7a com a Mente\",\"isPartOf\":{\"@id\":\"https:\/\/abet.com.br\/abet\/#website\"},\"primaryImageOfPage\":{\"@id\":\"https:\/\/abet.com.br\/abet\/revista-digital-abet\/#primaryimage\"},\"datePublished\":\"2021-05-05T11:22:09+00:00\",\"dateModified\":\"2021-05-05T12:31:40+00:00\",\"author\":{\"@id\":\"https:\/\/abet.com.br\/abet\/#\/schema\/person\/97b90fe71ab7e4b6f793a851e7244921\"},\"description\":\"Est\u00e3o abertas as inscri\u00e7\u00f5es do 1\u00b0 PROGRAMA EMAGRE\u00c7A COM A MENTE em GRUPO. \ud83c\udf89ABET sempre visando proporcionar promo\u00e7\u00e3o \u00e0 sa\u00fade, preven\u00e7\u00e3o de doen\u00e7as e agravos, bem estar e qualidade de vida a voc\u00ea!\",\"breadcrumb\":{\"@id\":\"https:\/\/abet.com.br\/abet\/revista-digital-abet\/#breadcrumb\"},\"inLanguage\":\"pt-BR\",\"potentialAction\":[{\"@type\":\"ReadAction\",\"target\":[\"https:\/\/abet.com.br\/abet\/revista-digital-abet\/\"]}]},{\"@type\":\"BreadcrumbList\",\"@id\":\"https:\/\/abet.com.br\/abet\/revista-digital-abet\/#breadcrumb\",\"itemListElement\":[{\"@type\":\"ListItem\",\"position\":1,\"name\":\"Home\",\"item\":\"https:\/\/abet.com.br\/abet\/\"},{\"@type\":\"ListItem\",\"position\":2,\"name\":\"Revista Digital ABET\"}]},{\"@type\":\"Person\",\"@id\":\"https:\/\/abet.com.br\/abet\/#\/schema\/person\/97b90fe71ab7e4b6f793a851e7244921\",\"name\":\"abet\",\"image\":{\"@type\":\"ImageObject\",\"@id\":\"https:\/\/abet.com.br\/abet\/#personlogo\",\"inLanguage\":\"pt-BR\",\"url\":\"https:\/\/secure.gravatar.com\/avatar\/8d1a3f8b585e56cdc9ba5e38d6a0590b?s=96&d=mm&r=g\",\"contentUrl\":\"https:\/\/secure.gravatar.com\/avatar\/8d1a3f8b585e56cdc9ba5e38d6a0590b?s=96&d=mm&r=g\",\"caption\":\"abet\"},\"url\":\"https:\/\/abet.com.br\/abet\/author\/abet\/\"}]}<\/script>\r\n<!-- \/ Yoast SEO plugin. -->","yoast_head_json":{"title":"ABET - Programa Emagre\u00e7a com a Mente","description":"Est\u00e3o abertas as inscri\u00e7\u00f5es do 1\u00b0 PROGRAMA EMAGRE\u00c7A COM A MENTE em GRUPO. \ud83c\udf89ABET sempre visando proporcionar promo\u00e7\u00e3o \u00e0 sa\u00fade, preven\u00e7\u00e3o de doen\u00e7as e agravos, bem estar e qualidade de vida a voc\u00ea!","robots":{"index":"index","follow":"follow","max-snippet":"max-snippet:-1","max-image-preview":"max-image-preview:large","max-video-preview":"max-video-preview:-1"},"canonical":"https:\/\/abet.com.br\/abet\/revista-digital-abet\/","og_locale":"pt_BR","og_type":"article","og_title":"ABET - Programa Emagre\u00e7a com a Mente","og_description":"Est\u00e3o abertas as inscri\u00e7\u00f5es do 1\u00b0 PROGRAMA EMAGRE\u00c7A COM A MENTE em GRUPO. \ud83c\udf89ABET sempre visando proporcionar promo\u00e7\u00e3o \u00e0 sa\u00fade, preven\u00e7\u00e3o de doen\u00e7as e agravos, bem estar e qualidade de vida a voc\u00ea!","og_url":"https:\/\/abet.com.br\/abet\/revista-digital-abet\/","og_site_name":"ABET","article_published_time":"2021-05-05T11:22:09+00:00","article_modified_time":"2021-05-05T12:31:40+00:00","og_image":[{"width":1024,"height":360,"url":"https:\/\/abet.com.br\/abet\/wp-content\/uploads\/2021\/05\/Revista-Digital-1024x360.png","type":"image\/png"}],"twitter_card":"summary_large_image","twitter_misc":{"Written by":"abet","Est. reading time":"1 minuto"},"schema":{"@context":"https:\/\/schema.org","@graph":[{"@type":"WebSite","@id":"https:\/\/abet.com.br\/abet\/#website","url":"https:\/\/abet.com.br\/abet\/","name":"ABET","description":"Associa\u00e7\u00e3o Brasileira dos Empregados em Telecomunica\u00e7\u00f5es.","potentialAction":[{"@type":"SearchAction","target":{"@type":"EntryPoint","urlTemplate":"https:\/\/abet.com.br\/abet\/?s={search_term_string}"},"query-input":"required name=search_term_string"}],"inLanguage":"pt-BR"},{"@type":"ImageObject","@id":"https:\/\/abet.com.br\/abet\/revista-digital-abet\/#primaryimage","inLanguage":"pt-BR","url":"https:\/\/abet.com.br\/abet\/wp-content\/uploads\/2021\/05\/Revista-Digital.png","contentUrl":"https:\/\/abet.com.br\/abet\/wp-content\/uploads\/2021\/05\/Revista-Digital.png","width":3000,"height":1055},{"@type":"WebPage","@id":"https:\/\/abet.com.br\/abet\/revista-digital-abet\/#webpage","url":"https:\/\/abet.com.br\/abet\/revista-digital-abet\/","name":"ABET - Programa Emagre\u00e7a com a Mente","isPartOf":{"@id":"https:\/\/abet.com.br\/abet\/#website"},"primaryImageOfPage":{"@id":"https:\/\/abet.com.br\/abet\/revista-digital-abet\/#primaryimage"},"datePublished":"2021-05-05T11:22:09+00:00","dateModified":"2021-05-05T12:31:40+00:00","author":{"@id":"https:\/\/abet.com.br\/abet\/#\/schema\/person\/97b90fe71ab7e4b6f793a851e7244921"},"description":"Est\u00e3o abertas as inscri\u00e7\u00f5es do 1\u00b0 PROGRAMA EMAGRE\u00c7A COM A MENTE em GRUPO. \ud83c\udf89ABET sempre visando proporcionar promo\u00e7\u00e3o \u00e0 sa\u00fade, preven\u00e7\u00e3o de doen\u00e7as e agravos, bem estar e qualidade de vida a voc\u00ea!","breadcrumb":{"@id":"https:\/\/abet.com.br\/abet\/revista-digital-abet\/#breadcrumb"},"inLanguage":"pt-BR","potentialAction":[{"@type":"ReadAction","target":["https:\/\/abet.com.br\/abet\/revista-digital-abet\/"]}]},{"@type":"BreadcrumbList","@id":"https:\/\/abet.com.br\/abet\/revista-digital-abet\/#breadcrumb","itemListElement":[{"@type":"ListItem","position":1,"name":"Home","item":"https:\/\/abet.com.br\/abet\/"},{"@type":"ListItem","position":2,"name":"Revista Digital ABET"}]},{"@type":"Person","@id":"https:\/\/abet.com.br\/abet\/#\/schema\/person\/97b90fe71ab7e4b6f793a851e7244921","name":"abet","image":{"@type":"ImageObject","@id":"https:\/\/abet.com.br\/abet\/#personlogo","inLanguage":"pt-BR","url":"https:\/\/secure.gravatar.com\/avatar\/8d1a3f8b585e56cdc9ba5e38d6a0590b?s=96&d=mm&r=g","contentUrl":"https:\/\/secure.gravatar.com\/avatar\/8d1a3f8b585e56cdc9ba5e38d6a0590b?s=96&d=mm&r=g","caption":"abet"},"url":"https:\/\/abet.com.br\/abet\/author\/abet\/"}]}},"_links":{"self":[{"href":"https:\/\/abet.com.br\/abet\/wp-json\/wp\/v2\/posts\/3018"}],"collection":[{"href":"https:\/\/abet.com.br\/abet\/wp-json\/wp\/v2\/posts"}],"about":[{"href":"https:\/\/abet.com.br\/abet\/wp-json\/wp\/v2\/types\/post"}],"author":[{"embeddable":true,"href":"https:\/\/abet.com.br\/abet\/wp-json\/wp\/v2\/users\/2"}],"replies":[{"embeddable":true,"href":"https:\/\/abet.com.br\/abet\/wp-json\/wp\/v2\/comments?post=3018"}],"version-history":[{"count":6,"href":"https:\/\/abet.com.br\/abet\/wp-json\/wp\/v2\/posts\/3018\/revisions"}],"predecessor-version":[{"id":3029,"href":"https:\/\/abet.com.br\/abet\/wp-json\/wp\/v2\/posts\/3018\/revisions\/3029"}],"wp:featuredmedia":[{"embeddable":true,"href":"https:\/\/abet.com.br\/abet\/wp-json\/wp\/v2\/media\/3016"}],"wp:attachment":[{"href":"https:\/\/abet.com.br\/abet\/wp-json\/wp\/v2\/media?parent=3018"}],"wp:term":[{"taxonomy":"category","embeddable":true,"href":"https:\/\/abet.com.br\/abet\/wp-json\/wp\/v2\/categories?post=3018"},{"taxonomy":"post_tag","embeddable":true,"href":"https:\/\/abet.com.br\/abet\/wp-json\/wp\/v2\/tags?post=3018"}],"curies":[{"name":"wp","href":"https:\/\/api.w.org\/{rel}","templated":true}]}}