
{"id":2862,"date":"2021-03-19T10:11:48","date_gmt":"2021-03-19T13:11:48","guid":{"rendered":"https:\/\/abet.com.br\/abet\/?p=2862"},"modified":"2021-09-16T08:29:35","modified_gmt":"2021-09-16T11:29:35","slug":"programa-emagreca-com-a-mente","status":"publish","type":"post","link":"https:\/\/abet.com.br\/abet\/programa-emagreca-com-a-mente\/","title":{"rendered":"Programa Emagre\u00e7a com a Mente"},"content":{"rendered":"<p>[et_pb_section fb_built=&#8221;1&#8243; fullwidth=&#8221;on&#8221; _builder_version=&#8221;3.21.1&#8243;][et_pb_fullwidth_post_title meta=&#8221;off&#8221; featured_placement=&#8221;background&#8221; text_color=&#8221;light&#8221; text_background=&#8221;on&#8221; text_bg_color=&#8221;rgba(172,194,225,0.82)&#8221; _builder_version=&#8221;3.21.1&#8243; title_font=&#8221;||||||||&#8221; title_font_size=&#8221;36px&#8221; meta_font=&#8221;||||||||&#8221; background_image=&#8221;https:\/\/abet.com.br\/abet\/wp-content\/uploads\/2021\/09\/Concurso-Culin\u00e1ria-1.png&#8221; custom_padding=&#8221;250px||0px&#8221;][\/et_pb_fullwidth_post_title][\/et_pb_section][et_pb_section fb_built=&#8221;1&#8243; _builder_version=&#8221;3.21.1&#8243; custom_padding=&#8221;0|0px|2px|0px|false|false&#8221;][et_pb_row _builder_version=&#8221;3.20.2&#8243;][et_pb_column type=&#8221;4_4&#8243; _builder_version=&#8221;3.20.2&#8243;][et_pb_text _builder_version=&#8221;3.21.1&#8243;]<\/p>\n<p><span style=\"font-size: medium;\">Est\u00e3o abertas as inscri\u00e7\u00f5es do <strong>2\u00b0 PROGRAMA EMAGRE\u00c7A COM A MENTE em GRUPO<\/strong>.<\/span><\/p>\n<p><span style=\"font-size: medium;\">ABET sempre visando proporcionar promo\u00e7\u00e3o \u00e0 sa\u00fade, preven\u00e7\u00e3o de doen\u00e7as e agravos, bem estar e qualidade de vida a voc\u00ea!<\/span><br \/><span style=\"font-size: medium;\"> Estudos apontam que as causas emocionais s\u00e3o os principais fatores para o ganho de peso, muita vezes h\u00e1 um grande esfor\u00e7o para emagrecer como dietas extremamente restritivas, exerc\u00edcios f\u00edsicos praticados de maneira \u00e1rdua e ainda assim n\u00e3o h\u00e1 uma perca de peso significativa. Para conseguir ter um <strong>emagrecimento consciente e sustent\u00e1vel<\/strong>, \u00e9 importante identificar e entender como funciona sua mente com rela\u00e7\u00e3o a comida e ao seu corpo.<\/span><br \/><span style=\"font-size: medium;\"> Esse programa vai identificar quais s\u00e3o suas cren\u00e7as limitantes e quais s\u00e3o seus principais sabotadores.<\/span><\/p>\n<p><span style=\"font-size: medium;\"><strong>Informa\u00e7\u00f5es sobre a profissional:<\/strong> <a href=\"https:\/\/www.emagrecacomamente.com.br\/quem-sou\">https:\/\/www.emagrecacomamente.com.br\/quem-sou<\/a><\/span><\/p>\n<p><span style=\"font-size: medium;\">\ud83d\udccc<strong>Como vai funcionar:<\/strong><\/span><br \/><span style=\"font-size: medium;\"> \u2611\ufe0f Ser\u00e3o 10 encontros semanais, online e ao vivo, nos quais vamos usar m\u00e9todos da neuroci\u00eancia, mindful eating e alimenta\u00e7\u00e3o intuitiva.<\/span><br \/><span style=\"font-size: medium;\"> Os encontros ser\u00e3o de aproximadamente 2:00 horas cada aula.<\/span><br \/><span style=\"font-size: medium;\"> Todas \u00e0s Quintas feiras \u00e0s 19:30 a partir de 23\/09\/2021.<\/span><\/p>\n<p><span style=\"font-size: medium;\">A ABET subsidiar\u00e1 parcialmente o evento, repassando ao associado \u00e0 <strong>coparticipa\u00e7\u00e3o de R$ 20,00 (vinte reais) por aula<\/strong>. O valor ser\u00e1 repassado\u00a0<\/span><span style=\"font-size: medium;\">ao associado, por cada inscri\u00e7\u00e3o realizada, nos meses de Outubro, Novembro e Dezembro\/2021.<\/span><\/p>\n<p>&nbsp;<\/p>\n<h4><strong>Inscreva- se, vagas limitadas!<\/strong><\/h4>\n<p>[\/et_pb_text][et_pb_button button_url=&#8221;https:\/\/abet.com.br\/abet\/wp-content\/uploads\/2021\/09\/Regulamento-CONCURSO-DE-CHEFS-ABET-2021.pdf&#8221; url_new_window=&#8221;on&#8221; button_text=&#8221;Ficha de Inscri\u00e7\u00e3o&#8221; _builder_version=&#8221;3.21.1&#8243; custom_button=&#8221;on&#8221; button_text_color=&#8221;#003879&#8243; button_border_color=&#8221;#003879&#8243; button_font=&#8221;||||||||&#8221; button_icon=&#8221;%%209%%&#8221; button_icon_placement=&#8221;left&#8221; button_on_hover=&#8221;off&#8221; button_bg_color__hover_enabled=&#8221;on&#8221; button_bg_color__hover=&#8221;#003879&#8243; button_text_color__hover_enabled=&#8221;on&#8221; button_text_color__hover=&#8221;#ffffff&#8221;][\/et_pb_button][\/et_pb_column][\/et_pb_row][\/et_pb_section]<\/p>\n","protected":false},"excerpt":{"rendered":"<p>Est\u00e3o abertas as inscri\u00e7\u00f5es do 1\u00b0 PROGRAMA EMAGRE\u00c7A COM A MENTE em GRUPO.<\/p>\n","protected":false},"author":2,"featured_media":2877,"comment_status":"closed","ping_status":"open","sticky":false,"template":"","format":"standard","meta":{"_et_pb_use_builder":"on","_et_pb_old_content":"","_et_gb_content_width":"","_mi_skip_tracking":false},"categories":[8],"tags":[],"yoast_head":"<!-- This site is optimized with the Yoast SEO plugin v18.5.1 - https:\/\/yoast.com\/wordpress\/plugins\/seo\/ -->\r\n<title>ABET - Programa Emagre\u00e7a com a Mente<\/title>\r\n<meta name=\"description\" content=\"Est\u00e3o abertas as inscri\u00e7\u00f5es do 1\u00b0 PROGRAMA EMAGRE\u00c7A COM A MENTE em GRUPO. \ud83c\udf89ABET sempre visando proporcionar promo\u00e7\u00e3o \u00e0 sa\u00fade, preven\u00e7\u00e3o de doen\u00e7as e agravos, bem estar e qualidade de vida a voc\u00ea!\" \/>\r\n<meta name=\"robots\" content=\"index, follow, max-snippet:-1, max-image-preview:large, max-video-preview:-1\" \/>\r\n<link rel=\"canonical\" href=\"https:\/\/abet.com.br\/abet\/programa-emagreca-com-a-mente\/\" \/>\r\n<meta property=\"og:locale\" content=\"pt_BR\" \/>\r\n<meta property=\"og:type\" content=\"article\" \/>\r\n<meta property=\"og:title\" content=\"ABET - Programa Emagre\u00e7a com a Mente\" \/>\r\n<meta property=\"og:description\" content=\"Est\u00e3o abertas as inscri\u00e7\u00f5es do 1\u00b0 PROGRAMA EMAGRE\u00c7A COM A MENTE em GRUPO. \ud83c\udf89ABET sempre visando proporcionar promo\u00e7\u00e3o \u00e0 sa\u00fade, preven\u00e7\u00e3o de doen\u00e7as e agravos, bem estar e qualidade de vida a voc\u00ea!\" \/>\r\n<meta property=\"og:url\" content=\"https:\/\/abet.com.br\/abet\/programa-emagreca-com-a-mente\/\" \/>\r\n<meta property=\"og:site_name\" content=\"ABET\" \/>\r\n<meta property=\"article:published_time\" content=\"2021-03-19T13:11:48+00:00\" \/>\r\n<meta property=\"article:modified_time\" content=\"2021-09-16T11:29:35+00:00\" \/>\r\n<meta property=\"og:image\" content=\"https:\/\/abet.com.br\/abet\/wp-content\/uploads\/2021\/03\/Emagre\u00e7a-com-a-Mente-capa.01.jpg\" \/>\r\n\t<meta property=\"og:image:width\" content=\"409\" \/>\r\n\t<meta property=\"og:image:height\" content=\"274\" \/>\r\n\t<meta property=\"og:image:type\" content=\"image\/jpeg\" \/>\r\n<meta name=\"twitter:card\" content=\"summary_large_image\" \/>\r\n<meta name=\"twitter:label1\" content=\"Written by\" \/>\n\t<meta name=\"twitter:data1\" content=\"abet\" \/>\n\t<meta name=\"twitter:label2\" content=\"Est. reading time\" \/>\n\t<meta name=\"twitter:data2\" content=\"2 minutos\" \/>\r\n<script type=\"application\/ld+json\" class=\"yoast-schema-graph\">{\"@context\":\"https:\/\/schema.org\",\"@graph\":[{\"@type\":\"WebSite\",\"@id\":\"https:\/\/abet.com.br\/abet\/#website\",\"url\":\"https:\/\/abet.com.br\/abet\/\",\"name\":\"ABET\",\"description\":\"Associa\u00e7\u00e3o Brasileira dos Empregados em Telecomunica\u00e7\u00f5es.\",\"potentialAction\":[{\"@type\":\"SearchAction\",\"target\":{\"@type\":\"EntryPoint\",\"urlTemplate\":\"https:\/\/abet.com.br\/abet\/?s={search_term_string}\"},\"query-input\":\"required name=search_term_string\"}],\"inLanguage\":\"pt-BR\"},{\"@type\":\"ImageObject\",\"@id\":\"https:\/\/abet.com.br\/abet\/programa-emagreca-com-a-mente\/#primaryimage\",\"inLanguage\":\"pt-BR\",\"url\":\"https:\/\/abet.com.br\/abet\/wp-content\/uploads\/2021\/03\/Emagre\u00e7a-com-a-Mente-capa.01.jpg\",\"contentUrl\":\"https:\/\/abet.com.br\/abet\/wp-content\/uploads\/2021\/03\/Emagre\u00e7a-com-a-Mente-capa.01.jpg\",\"width\":409,\"height\":274},{\"@type\":\"WebPage\",\"@id\":\"https:\/\/abet.com.br\/abet\/programa-emagreca-com-a-mente\/#webpage\",\"url\":\"https:\/\/abet.com.br\/abet\/programa-emagreca-com-a-mente\/\",\"name\":\"ABET - Programa Emagre\u00e7a com a Mente\",\"isPartOf\":{\"@id\":\"https:\/\/abet.com.br\/abet\/#website\"},\"primaryImageOfPage\":{\"@id\":\"https:\/\/abet.com.br\/abet\/programa-emagreca-com-a-mente\/#primaryimage\"},\"datePublished\":\"2021-03-19T13:11:48+00:00\",\"dateModified\":\"2021-09-16T11:29:35+00:00\",\"author\":{\"@id\":\"https:\/\/abet.com.br\/abet\/#\/schema\/person\/97b90fe71ab7e4b6f793a851e7244921\"},\"description\":\"Est\u00e3o abertas as inscri\u00e7\u00f5es do 1\u00b0 PROGRAMA EMAGRE\u00c7A COM A MENTE em GRUPO. \ud83c\udf89ABET sempre visando proporcionar promo\u00e7\u00e3o \u00e0 sa\u00fade, preven\u00e7\u00e3o de doen\u00e7as e agravos, bem estar e qualidade de vida a voc\u00ea!\",\"breadcrumb\":{\"@id\":\"https:\/\/abet.com.br\/abet\/programa-emagreca-com-a-mente\/#breadcrumb\"},\"inLanguage\":\"pt-BR\",\"potentialAction\":[{\"@type\":\"ReadAction\",\"target\":[\"https:\/\/abet.com.br\/abet\/programa-emagreca-com-a-mente\/\"]}]},{\"@type\":\"BreadcrumbList\",\"@id\":\"https:\/\/abet.com.br\/abet\/programa-emagreca-com-a-mente\/#breadcrumb\",\"itemListElement\":[{\"@type\":\"ListItem\",\"position\":1,\"name\":\"Home\",\"item\":\"https:\/\/abet.com.br\/abet\/\"},{\"@type\":\"ListItem\",\"position\":2,\"name\":\"Programa Emagre\u00e7a com a Mente\"}]},{\"@type\":\"Person\",\"@id\":\"https:\/\/abet.com.br\/abet\/#\/schema\/person\/97b90fe71ab7e4b6f793a851e7244921\",\"name\":\"abet\",\"image\":{\"@type\":\"ImageObject\",\"@id\":\"https:\/\/abet.com.br\/abet\/#personlogo\",\"inLanguage\":\"pt-BR\",\"url\":\"https:\/\/secure.gravatar.com\/avatar\/8d1a3f8b585e56cdc9ba5e38d6a0590b?s=96&d=mm&r=g\",\"contentUrl\":\"https:\/\/secure.gravatar.com\/avatar\/8d1a3f8b585e56cdc9ba5e38d6a0590b?s=96&d=mm&r=g\",\"caption\":\"abet\"},\"url\":\"https:\/\/abet.com.br\/abet\/author\/abet\/\"}]}<\/script>\r\n<!-- \/ Yoast SEO plugin. -->","yoast_head_json":{"title":"ABET - Programa Emagre\u00e7a com a Mente","description":"Est\u00e3o abertas as inscri\u00e7\u00f5es do 1\u00b0 PROGRAMA EMAGRE\u00c7A COM A MENTE em GRUPO. \ud83c\udf89ABET sempre visando proporcionar promo\u00e7\u00e3o \u00e0 sa\u00fade, preven\u00e7\u00e3o de doen\u00e7as e agravos, bem estar e qualidade de vida a voc\u00ea!","robots":{"index":"index","follow":"follow","max-snippet":"max-snippet:-1","max-image-preview":"max-image-preview:large","max-video-preview":"max-video-preview:-1"},"canonical":"https:\/\/abet.com.br\/abet\/programa-emagreca-com-a-mente\/","og_locale":"pt_BR","og_type":"article","og_title":"ABET - Programa Emagre\u00e7a com a Mente","og_description":"Est\u00e3o abertas as inscri\u00e7\u00f5es do 1\u00b0 PROGRAMA EMAGRE\u00c7A COM A MENTE em GRUPO. \ud83c\udf89ABET sempre visando proporcionar promo\u00e7\u00e3o \u00e0 sa\u00fade, preven\u00e7\u00e3o de doen\u00e7as e agravos, bem estar e qualidade de vida a voc\u00ea!","og_url":"https:\/\/abet.com.br\/abet\/programa-emagreca-com-a-mente\/","og_site_name":"ABET","article_published_time":"2021-03-19T13:11:48+00:00","article_modified_time":"2021-09-16T11:29:35+00:00","og_image":[{"width":409,"height":274,"url":"https:\/\/abet.com.br\/abet\/wp-content\/uploads\/2021\/03\/Emagre\u00e7a-com-a-Mente-capa.01.jpg","type":"image\/jpeg"}],"twitter_card":"summary_large_image","twitter_misc":{"Written by":"abet","Est. reading time":"2 minutos"},"schema":{"@context":"https:\/\/schema.org","@graph":[{"@type":"WebSite","@id":"https:\/\/abet.com.br\/abet\/#website","url":"https:\/\/abet.com.br\/abet\/","name":"ABET","description":"Associa\u00e7\u00e3o Brasileira dos Empregados em Telecomunica\u00e7\u00f5es.","potentialAction":[{"@type":"SearchAction","target":{"@type":"EntryPoint","urlTemplate":"https:\/\/abet.com.br\/abet\/?s={search_term_string}"},"query-input":"required name=search_term_string"}],"inLanguage":"pt-BR"},{"@type":"ImageObject","@id":"https:\/\/abet.com.br\/abet\/programa-emagreca-com-a-mente\/#primaryimage","inLanguage":"pt-BR","url":"https:\/\/abet.com.br\/abet\/wp-content\/uploads\/2021\/03\/Emagre\u00e7a-com-a-Mente-capa.01.jpg","contentUrl":"https:\/\/abet.com.br\/abet\/wp-content\/uploads\/2021\/03\/Emagre\u00e7a-com-a-Mente-capa.01.jpg","width":409,"height":274},{"@type":"WebPage","@id":"https:\/\/abet.com.br\/abet\/programa-emagreca-com-a-mente\/#webpage","url":"https:\/\/abet.com.br\/abet\/programa-emagreca-com-a-mente\/","name":"ABET - Programa Emagre\u00e7a com a Mente","isPartOf":{"@id":"https:\/\/abet.com.br\/abet\/#website"},"primaryImageOfPage":{"@id":"https:\/\/abet.com.br\/abet\/programa-emagreca-com-a-mente\/#primaryimage"},"datePublished":"2021-03-19T13:11:48+00:00","dateModified":"2021-09-16T11:29:35+00:00","author":{"@id":"https:\/\/abet.com.br\/abet\/#\/schema\/person\/97b90fe71ab7e4b6f793a851e7244921"},"description":"Est\u00e3o abertas as inscri\u00e7\u00f5es do 1\u00b0 PROGRAMA EMAGRE\u00c7A COM A MENTE em GRUPO. \ud83c\udf89ABET sempre visando proporcionar promo\u00e7\u00e3o \u00e0 sa\u00fade, preven\u00e7\u00e3o de doen\u00e7as e agravos, bem estar e qualidade de vida a voc\u00ea!","breadcrumb":{"@id":"https:\/\/abet.com.br\/abet\/programa-emagreca-com-a-mente\/#breadcrumb"},"inLanguage":"pt-BR","potentialAction":[{"@type":"ReadAction","target":["https:\/\/abet.com.br\/abet\/programa-emagreca-com-a-mente\/"]}]},{"@type":"BreadcrumbList","@id":"https:\/\/abet.com.br\/abet\/programa-emagreca-com-a-mente\/#breadcrumb","itemListElement":[{"@type":"ListItem","position":1,"name":"Home","item":"https:\/\/abet.com.br\/abet\/"},{"@type":"ListItem","position":2,"name":"Programa Emagre\u00e7a com a Mente"}]},{"@type":"Person","@id":"https:\/\/abet.com.br\/abet\/#\/schema\/person\/97b90fe71ab7e4b6f793a851e7244921","name":"abet","image":{"@type":"ImageObject","@id":"https:\/\/abet.com.br\/abet\/#personlogo","inLanguage":"pt-BR","url":"https:\/\/secure.gravatar.com\/avatar\/8d1a3f8b585e56cdc9ba5e38d6a0590b?s=96&d=mm&r=g","contentUrl":"https:\/\/secure.gravatar.com\/avatar\/8d1a3f8b585e56cdc9ba5e38d6a0590b?s=96&d=mm&r=g","caption":"abet"},"url":"https:\/\/abet.com.br\/abet\/author\/abet\/"}]}},"_links":{"self":[{"href":"https:\/\/abet.com.br\/abet\/wp-json\/wp\/v2\/posts\/2862"}],"collection":[{"href":"https:\/\/abet.com.br\/abet\/wp-json\/wp\/v2\/posts"}],"about":[{"href":"https:\/\/abet.com.br\/abet\/wp-json\/wp\/v2\/types\/post"}],"author":[{"embeddable":true,"href":"https:\/\/abet.com.br\/abet\/wp-json\/wp\/v2\/users\/2"}],"replies":[{"embeddable":true,"href":"https:\/\/abet.com.br\/abet\/wp-json\/wp\/v2\/comments?post=2862"}],"version-history":[{"count":10,"href":"https:\/\/abet.com.br\/abet\/wp-json\/wp\/v2\/posts\/2862\/revisions"}],"predecessor-version":[{"id":3354,"href":"https:\/\/abet.com.br\/abet\/wp-json\/wp\/v2\/posts\/2862\/revisions\/3354"}],"wp:featuredmedia":[{"embeddable":true,"href":"https:\/\/abet.com.br\/abet\/wp-json\/wp\/v2\/media\/2877"}],"wp:attachment":[{"href":"https:\/\/abet.com.br\/abet\/wp-json\/wp\/v2\/media?parent=2862"}],"wp:term":[{"taxonomy":"category","embeddable":true,"href":"https:\/\/abet.com.br\/abet\/wp-json\/wp\/v2\/categories?post=2862"},{"taxonomy":"post_tag","embeddable":true,"href":"https:\/\/abet.com.br\/abet\/wp-json\/wp\/v2\/tags?post=2862"}],"curies":[{"name":"wp","href":"https:\/\/api.w.org\/{rel}","templated":true}]}}