
{"id":1601,"date":"2020-09-01T16:10:46","date_gmt":"2020-09-01T19:10:46","guid":{"rendered":"http:\/\/abet.com.br\/abet\/?p=1601"},"modified":"2021-03-19T08:56:31","modified_gmt":"2021-03-19T11:56:31","slug":"reajuste-na-mensalidade-abet","status":"publish","type":"post","link":"https:\/\/abet.com.br\/abet\/reajuste-na-mensalidade-abet\/","title":{"rendered":"ABET Benef\u00edcios Reajuste 2020"},"content":{"rendered":"\n[et_pb_section fb_built=&#8221;1&#8243; fullwidth=&#8221;on&#8221; _builder_version=&#8221;3.20.2&#8243;][et_pb_fullwidth_post_title meta=&#8221;off&#8221; featured_placement=&#8221;background&#8221; text_color=&#8221;light&#8221; text_background=&#8221;on&#8221; text_bg_color=&#8221;rgba(172,194,225,0.82)&#8221; _builder_version=&#8221;3.21.1&#8243; title_font=&#8221;||||||||&#8221; title_font_size=&#8221;36px&#8221; meta_font=&#8221;||||||||&#8221; custom_padding=&#8221;250px||0px&#8221;][\/et_pb_fullwidth_post_title][\/et_pb_section][et_pb_section fb_built=&#8221;1&#8243; _builder_version=&#8221;3.20.2&#8243; custom_padding=&#8221;66px|0px|2px|0px|false|false&#8221;][et_pb_row custom_padding=&#8221;27px|0px|0|0px|false|false&#8221; _builder_version=&#8221;3.20.2&#8243;][et_pb_column type=&#8221;4_4&#8243; _builder_version=&#8221;3.20.2&#8243;][et_pb_text _builder_version=&#8221;3.21.1&#8243;]<p>Como \u00e9 de conhecimento dos associados, anualmente as contas s\u00e3o reajustadas levando em considera\u00e7\u00e3o as receitas obtidas com as mensalidades, infla\u00e7\u00e3o geral e aumento da utiliza\u00e7\u00e3o do subs\u00eddio de medicamentos.<\/p>\n<p>Com o objetivo de promover o equil\u00edbrio da ABET e preservar os benef\u00edcios j\u00e1 oferecidos, a partir de 1\u00b0 de setembro de 2020 os valores das mensalidades ser\u00e3o atualizadas com base na m\u00e9dia de \u00edndices da infla\u00e7\u00e3o.<\/p>\n<p>Nestas condi\u00e7\u00f5es, informamos o valor da mensalidade a vigorar a partir 01\/09\/2020 \u00a0o reajuste de 5,87%.<\/p>[\/et_pb_text][\/et_pb_column][\/et_pb_row][et_pb_row custom_padding=&#8221;29px|0px|5px|0px|false|false&#8221; _builder_version=&#8221;3.21.1&#8243;][et_pb_column type=&#8221;4_4&#8243; _builder_version=&#8221;3.21.1&#8243;][et_pb_text _builder_version=&#8221;3.21.1&#8243; background_size=&#8221;contain&#8221;]<p>&nbsp;<\/p>\n<p><img loading=\"lazy\" src=\"https:\/\/abet.com.br\/abet\/wp-content\/uploads\/2020\/09\/Tabela-2.jpg\" width=\"490\" height=\"497\" alt=\"\" class=\"wp-image-2386 alignnone size-full\" style=\"display: block; margin-left: auto; margin-right: auto;\" srcset=\"https:\/\/abet.com.br\/abet\/wp-content\/uploads\/2020\/09\/Tabela-2.jpg 490w, https:\/\/abet.com.br\/abet\/wp-content\/uploads\/2020\/09\/Tabela-2-296x300.jpg 296w\" sizes=\"(max-width: 490px) 100vw, 490px\" \/><\/p>[\/et_pb_text][et_pb_text _builder_version=&#8221;3.21.1&#8243;]<p><strong style=\"font-size: 14px;\">Novidade! <\/strong><strong style=\"font-size: 14px;\">\u00a0 \u00a0 \u00a0 \u00a0 \u00a0 \u00a0 \u00a0 \u00a0 \u00a0 \u00a0 \u00a0 \u00a0 \u00a0 \u00a0 \u00a0 \u00a0 \u00a0 \u00a0 \u00a0 \u00a0 \u00a0 \u00a0 \u00a0 \u00a0 \u00a0 \u00a0 \u00a0 \u00a0 \u00a0 \u00a0 \u00a0 \u00a0 \u00a0 \u00a0 \u00a0 \u00a0 \u00a0 \u00a0 \u00a0 \u00a0 \u00a0\u00a0<\/strong><\/p>\n<p><strong>Novo benef\u00edcio, que agora voc\u00ea associado ter\u00e1 acesso gratuito ao OMD &#8211; Orienta\u00e7\u00e3o M\u00e9dica Domiciliar.<\/strong><\/p>\n<p>Presta\u00e7\u00e3o de Servi\u00e7os de Atendimento M\u00e9dico Pr\u00e9- Hospitalar e Orienta\u00e7\u00e3o Medica por telefone, atrav\u00e9s de parceria entre a ABET e a MEDICAR.<\/p>\n<p><strong>*Esse servi\u00e7o gratuito n\u00e3o ter\u00e1 cobertura para os Associados Colaborativos e Associados Agregados, que \u00e9 mediante pagamento de mensalidade por pessoa inscrita e faixa et\u00e1ria.<\/strong><\/p>\n<p><strong><\/strong><\/p>\n<p><strong><\/strong><\/p>[\/et_pb_text][\/et_pb_column][\/et_pb_row][\/et_pb_section]\n","protected":false},"excerpt":{"rendered":"<p>Como \u00e9 de conhecimento dos associados, anualmente as contas s\u00e3o reajustadas levando em considera\u00e7\u00e3o as receitas obtidas com as mensalidades, infla\u00e7\u00e3o geral e aumento da utiliza\u00e7\u00e3o do subs\u00eddio de medicamentos. Com o objetivo de promover o equil\u00edbrio da ABET e preservar os benef\u00edcios j\u00e1 oferecidos, a partir de 1\u00b0 de setembro de 2020 os valores [&hellip;]<\/p>\n","protected":false},"author":1,"featured_media":1606,"comment_status":"closed","ping_status":"open","sticky":false,"template":"","format":"standard","meta":{"_et_pb_use_builder":"on","_et_pb_old_content":"","_et_gb_content_width":"","_mi_skip_tracking":false},"categories":[10],"tags":[],"yoast_head":"<!-- This site is optimized with the Yoast SEO plugin v18.5.1 - https:\/\/yoast.com\/wordpress\/plugins\/seo\/ -->\r\n<title>ABET - Reajustes no valor da mensalidades do Benef\u00edcios ABET<\/title>\r\n<meta name=\"description\" content=\"Acesse o nosso site para conferir a nova mensalidade para os associados ABET. As novas mensalidades entrar\u00e1 em vigor a partir de 1\u00b0 de agosto de 2019\" \/>\r\n<meta name=\"robots\" content=\"index, follow, max-snippet:-1, max-image-preview:large, max-video-preview:-1\" \/>\r\n<link rel=\"canonical\" href=\"https:\/\/abet.com.br\/abet\/reajuste-na-mensalidade-abet\/\" \/>\r\n<meta property=\"og:locale\" content=\"pt_BR\" \/>\r\n<meta property=\"og:type\" content=\"article\" \/>\r\n<meta property=\"og:title\" content=\"ABET - Reajustes no valor da mensalidades do Benef\u00edcios ABET\" \/>\r\n<meta property=\"og:description\" content=\"Acesse o nosso site para conferir a nova mensalidade para os associados ABET. As novas mensalidades entrar\u00e1 em vigor a partir de 1\u00b0 de agosto de 2019\" \/>\r\n<meta property=\"og:url\" content=\"https:\/\/abet.com.br\/abet\/reajuste-na-mensalidade-abet\/\" \/>\r\n<meta property=\"og:site_name\" content=\"ABET\" \/>\r\n<meta property=\"article:published_time\" content=\"2020-09-01T19:10:46+00:00\" \/>\r\n<meta property=\"article:modified_time\" content=\"2021-03-19T11:56:31+00:00\" \/>\r\n<meta property=\"og:image\" content=\"https:\/\/abet.com.br\/abet\/wp-content\/uploads\/2019\/09\/equipe.jpg\" \/>\r\n\t<meta property=\"og:image:width\" content=\"1950\" \/>\r\n\t<meta property=\"og:image:height\" content=\"1300\" \/>\r\n\t<meta property=\"og:image:type\" content=\"image\/jpeg\" \/>\r\n<meta name=\"twitter:card\" content=\"summary_large_image\" \/>\r\n<meta name=\"twitter:label1\" content=\"Written by\" \/>\n\t<meta name=\"twitter:data1\" content=\"yellowlamp\" \/>\n\t<meta name=\"twitter:label2\" content=\"Est. reading time\" \/>\n\t<meta name=\"twitter:data2\" content=\"2 minutos\" \/>\r\n<script type=\"application\/ld+json\" class=\"yoast-schema-graph\">{\"@context\":\"https:\/\/schema.org\",\"@graph\":[{\"@type\":\"WebSite\",\"@id\":\"https:\/\/abet.com.br\/abet\/#website\",\"url\":\"https:\/\/abet.com.br\/abet\/\",\"name\":\"ABET\",\"description\":\"Associa\u00e7\u00e3o Brasileira dos Empregados em Telecomunica\u00e7\u00f5es.\",\"potentialAction\":[{\"@type\":\"SearchAction\",\"target\":{\"@type\":\"EntryPoint\",\"urlTemplate\":\"https:\/\/abet.com.br\/abet\/?s={search_term_string}\"},\"query-input\":\"required name=search_term_string\"}],\"inLanguage\":\"pt-BR\"},{\"@type\":\"ImageObject\",\"@id\":\"https:\/\/abet.com.br\/abet\/reajuste-na-mensalidade-abet\/#primaryimage\",\"inLanguage\":\"pt-BR\",\"url\":\"https:\/\/abet.com.br\/abet\/wp-content\/uploads\/2019\/09\/equipe.jpg\",\"contentUrl\":\"https:\/\/abet.com.br\/abet\/wp-content\/uploads\/2019\/09\/equipe.jpg\",\"width\":1950,\"height\":1300},{\"@type\":\"WebPage\",\"@id\":\"https:\/\/abet.com.br\/abet\/reajuste-na-mensalidade-abet\/#webpage\",\"url\":\"https:\/\/abet.com.br\/abet\/reajuste-na-mensalidade-abet\/\",\"name\":\"ABET - Reajustes no valor da mensalidades do Benef\u00edcios ABET\",\"isPartOf\":{\"@id\":\"https:\/\/abet.com.br\/abet\/#website\"},\"primaryImageOfPage\":{\"@id\":\"https:\/\/abet.com.br\/abet\/reajuste-na-mensalidade-abet\/#primaryimage\"},\"datePublished\":\"2020-09-01T19:10:46+00:00\",\"dateModified\":\"2021-03-19T11:56:31+00:00\",\"author\":{\"@id\":\"https:\/\/abet.com.br\/abet\/#\/schema\/person\/a7a67219fb5cf5f5193f7a77113cd4fc\"},\"description\":\"Acesse o nosso site para conferir a nova mensalidade para os associados ABET. As novas mensalidades entrar\u00e1 em vigor a partir de 1\u00b0 de agosto de 2019\",\"breadcrumb\":{\"@id\":\"https:\/\/abet.com.br\/abet\/reajuste-na-mensalidade-abet\/#breadcrumb\"},\"inLanguage\":\"pt-BR\",\"potentialAction\":[{\"@type\":\"ReadAction\",\"target\":[\"https:\/\/abet.com.br\/abet\/reajuste-na-mensalidade-abet\/\"]}]},{\"@type\":\"BreadcrumbList\",\"@id\":\"https:\/\/abet.com.br\/abet\/reajuste-na-mensalidade-abet\/#breadcrumb\",\"itemListElement\":[{\"@type\":\"ListItem\",\"position\":1,\"name\":\"Home\",\"item\":\"https:\/\/abet.com.br\/abet\/\"},{\"@type\":\"ListItem\",\"position\":2,\"name\":\"ABET Benef\u00edcios Reajuste 2020\"}]},{\"@type\":\"Person\",\"@id\":\"https:\/\/abet.com.br\/abet\/#\/schema\/person\/a7a67219fb5cf5f5193f7a77113cd4fc\",\"name\":\"yellowlamp\",\"image\":{\"@type\":\"ImageObject\",\"@id\":\"https:\/\/abet.com.br\/abet\/#personlogo\",\"inLanguage\":\"pt-BR\",\"url\":\"https:\/\/secure.gravatar.com\/avatar\/4068c9c9b0122c49f53d6db7aa0e3c94?s=96&d=mm&r=g\",\"contentUrl\":\"https:\/\/secure.gravatar.com\/avatar\/4068c9c9b0122c49f53d6db7aa0e3c94?s=96&d=mm&r=g\",\"caption\":\"yellowlamp\"},\"url\":\"https:\/\/abet.com.br\/abet\/author\/yellowlamp\/\"}]}<\/script>\r\n<!-- \/ Yoast SEO plugin. -->","yoast_head_json":{"title":"ABET - Reajustes no valor da mensalidades do Benef\u00edcios ABET","description":"Acesse o nosso site para conferir a nova mensalidade para os associados ABET. As novas mensalidades entrar\u00e1 em vigor a partir de 1\u00b0 de agosto de 2019","robots":{"index":"index","follow":"follow","max-snippet":"max-snippet:-1","max-image-preview":"max-image-preview:large","max-video-preview":"max-video-preview:-1"},"canonical":"https:\/\/abet.com.br\/abet\/reajuste-na-mensalidade-abet\/","og_locale":"pt_BR","og_type":"article","og_title":"ABET - Reajustes no valor da mensalidades do Benef\u00edcios ABET","og_description":"Acesse o nosso site para conferir a nova mensalidade para os associados ABET. As novas mensalidades entrar\u00e1 em vigor a partir de 1\u00b0 de agosto de 2019","og_url":"https:\/\/abet.com.br\/abet\/reajuste-na-mensalidade-abet\/","og_site_name":"ABET","article_published_time":"2020-09-01T19:10:46+00:00","article_modified_time":"2021-03-19T11:56:31+00:00","og_image":[{"width":1950,"height":1300,"url":"https:\/\/abet.com.br\/abet\/wp-content\/uploads\/2019\/09\/equipe.jpg","type":"image\/jpeg"}],"twitter_card":"summary_large_image","twitter_misc":{"Written by":"yellowlamp","Est. reading time":"2 minutos"},"schema":{"@context":"https:\/\/schema.org","@graph":[{"@type":"WebSite","@id":"https:\/\/abet.com.br\/abet\/#website","url":"https:\/\/abet.com.br\/abet\/","name":"ABET","description":"Associa\u00e7\u00e3o Brasileira dos Empregados em Telecomunica\u00e7\u00f5es.","potentialAction":[{"@type":"SearchAction","target":{"@type":"EntryPoint","urlTemplate":"https:\/\/abet.com.br\/abet\/?s={search_term_string}"},"query-input":"required name=search_term_string"}],"inLanguage":"pt-BR"},{"@type":"ImageObject","@id":"https:\/\/abet.com.br\/abet\/reajuste-na-mensalidade-abet\/#primaryimage","inLanguage":"pt-BR","url":"https:\/\/abet.com.br\/abet\/wp-content\/uploads\/2019\/09\/equipe.jpg","contentUrl":"https:\/\/abet.com.br\/abet\/wp-content\/uploads\/2019\/09\/equipe.jpg","width":1950,"height":1300},{"@type":"WebPage","@id":"https:\/\/abet.com.br\/abet\/reajuste-na-mensalidade-abet\/#webpage","url":"https:\/\/abet.com.br\/abet\/reajuste-na-mensalidade-abet\/","name":"ABET - Reajustes no valor da mensalidades do Benef\u00edcios ABET","isPartOf":{"@id":"https:\/\/abet.com.br\/abet\/#website"},"primaryImageOfPage":{"@id":"https:\/\/abet.com.br\/abet\/reajuste-na-mensalidade-abet\/#primaryimage"},"datePublished":"2020-09-01T19:10:46+00:00","dateModified":"2021-03-19T11:56:31+00:00","author":{"@id":"https:\/\/abet.com.br\/abet\/#\/schema\/person\/a7a67219fb5cf5f5193f7a77113cd4fc"},"description":"Acesse o nosso site para conferir a nova mensalidade para os associados ABET. As novas mensalidades entrar\u00e1 em vigor a partir de 1\u00b0 de agosto de 2019","breadcrumb":{"@id":"https:\/\/abet.com.br\/abet\/reajuste-na-mensalidade-abet\/#breadcrumb"},"inLanguage":"pt-BR","potentialAction":[{"@type":"ReadAction","target":["https:\/\/abet.com.br\/abet\/reajuste-na-mensalidade-abet\/"]}]},{"@type":"BreadcrumbList","@id":"https:\/\/abet.com.br\/abet\/reajuste-na-mensalidade-abet\/#breadcrumb","itemListElement":[{"@type":"ListItem","position":1,"name":"Home","item":"https:\/\/abet.com.br\/abet\/"},{"@type":"ListItem","position":2,"name":"ABET Benef\u00edcios Reajuste 2020"}]},{"@type":"Person","@id":"https:\/\/abet.com.br\/abet\/#\/schema\/person\/a7a67219fb5cf5f5193f7a77113cd4fc","name":"yellowlamp","image":{"@type":"ImageObject","@id":"https:\/\/abet.com.br\/abet\/#personlogo","inLanguage":"pt-BR","url":"https:\/\/secure.gravatar.com\/avatar\/4068c9c9b0122c49f53d6db7aa0e3c94?s=96&d=mm&r=g","contentUrl":"https:\/\/secure.gravatar.com\/avatar\/4068c9c9b0122c49f53d6db7aa0e3c94?s=96&d=mm&r=g","caption":"yellowlamp"},"url":"https:\/\/abet.com.br\/abet\/author\/yellowlamp\/"}]}},"_links":{"self":[{"href":"https:\/\/abet.com.br\/abet\/wp-json\/wp\/v2\/posts\/1601"}],"collection":[{"href":"https:\/\/abet.com.br\/abet\/wp-json\/wp\/v2\/posts"}],"about":[{"href":"https:\/\/abet.com.br\/abet\/wp-json\/wp\/v2\/types\/post"}],"author":[{"embeddable":true,"href":"https:\/\/abet.com.br\/abet\/wp-json\/wp\/v2\/users\/1"}],"replies":[{"embeddable":true,"href":"https:\/\/abet.com.br\/abet\/wp-json\/wp\/v2\/comments?post=1601"}],"version-history":[{"count":11,"href":"https:\/\/abet.com.br\/abet\/wp-json\/wp\/v2\/posts\/1601\/revisions"}],"predecessor-version":[{"id":2853,"href":"https:\/\/abet.com.br\/abet\/wp-json\/wp\/v2\/posts\/1601\/revisions\/2853"}],"wp:featuredmedia":[{"embeddable":true,"href":"https:\/\/abet.com.br\/abet\/wp-json\/wp\/v2\/media\/1606"}],"wp:attachment":[{"href":"https:\/\/abet.com.br\/abet\/wp-json\/wp\/v2\/media?parent=1601"}],"wp:term":[{"taxonomy":"category","embeddable":true,"href":"https:\/\/abet.com.br\/abet\/wp-json\/wp\/v2\/categories?post=1601"},{"taxonomy":"post_tag","embeddable":true,"href":"https:\/\/abet.com.br\/abet\/wp-json\/wp\/v2\/tags?post=1601"}],"curies":[{"name":"wp","href":"https:\/\/api.w.org\/{rel}","templated":true}]}}